{"id":6159,"date":"2019-01-28T15:03:06","date_gmt":"2019-01-28T14:03:06","guid":{"rendered":"https:\/\/signal-fc.ch\/?p=6159"},"modified":"2019-01-28T15:03:15","modified_gmt":"2019-01-28T14:03:15","slug":"co-entraineur-des-juniors-c2-pierre-yves-malagoli","status":"publish","type":"post","link":"https:\/\/signal-fc.ch\/actualites\/co-entraineur-des-juniors-c2-pierre-yves-malagoli\/","title":{"rendered":"Co-entraineur des Juniors C2, Pierre-Yves Malagoli."},"content":{"rendered":"<p><img decoding=\"async\" class=\"alignnone size-medium wp-image-6163\" src=\"https:\/\/signal-fc.ch\/wp-content\/uploads\/2019\/01\/PY-Malagoli-193x300.png\" alt=\"\" width=\"193\" height=\"300\" srcset=\"https:\/\/signal-fc.ch\/wp-content\/uploads\/2019\/01\/PY-Malagoli-193x300.png 193w, https:\/\/signal-fc.ch\/wp-content\/uploads\/2019\/01\/PY-Malagoli.png 521w\" sizes=\"(max-width: 193px) 100vw, 193px\" \/><\/p>\n<p>Un entra\u00eeneur qui a une tr\u00e8s grande passion du ballon rond, et qui a en plus une exp\u00e9rience tr\u00e8s compl\u00e8te, avec plus de 40 ans d&rsquo;exp\u00e9rience. C&rsquo;est un fervent d\u00e9fenseur du jeu offensif, et aime pouvoir apporter une philosophie de jeu \u00e0 ses \u00e9quipes. Cette saison, il a travaill\u00e9 avec<br \/>\nCorrentin Martins et obtenu le titre de champion d&rsquo;automne dans leur groupe. L&rsquo;objectif pour ce deuxi\u00e8me tour est de pouvoir apporter une belle progression \u00e0 l&rsquo;\u00e9quipe, face \u00e0 des adversaires plus coriaces.<\/p>\n<p><img decoding=\"async\" class=\"alignnone size-medium wp-image-6162\" src=\"https:\/\/signal-fc.ch\/wp-content\/uploads\/2019\/01\/C2-Signal-CF-Chenois-22.09-19-300x199.jpg\" alt=\"\" width=\"300\" height=\"199\" srcset=\"https:\/\/signal-fc.ch\/wp-content\/uploads\/2019\/01\/C2-Signal-CF-Chenois-22.09-19-300x199.jpg 300w, https:\/\/signal-fc.ch\/wp-content\/uploads\/2019\/01\/C2-Signal-CF-Chenois-22.09-19-768x510.jpg 768w, https:\/\/signal-fc.ch\/wp-content\/uploads\/2019\/01\/C2-Signal-CF-Chenois-22.09-19-1024x680.jpg 1024w, https:\/\/signal-fc.ch\/wp-content\/uploads\/2019\/01\/C2-Signal-CF-Chenois-22.09-19.jpg 1200w\" sizes=\"(max-width: 300px) 100vw, 300px\" \/><\/p>\n<p>&#8211; Peux-tu te pr\u00e9senter en quelques mots ?<br \/>\nPierre-Yves, J&rsquo;ai d\u00e9but\u00e9 aux juniors du FC Servette en inter r\u00e9gionaux. Puis, c&rsquo;est le club familial du Club Athl\u00e9tique Geneve (CAG), actuellement l&rsquo;Olympique de Gen\u00e8ve Un transit \u00e0 Cologny Geneva, pour terminer dans les v\u00e9t\u00e9rans du Meyrin FC<br \/>\nD&rsquo;autre part, j&rsquo;ai une longue carri\u00e8re d&rsquo;entra\u00eeneur d\u00e9but\u00e9 au CAG a l&rsquo;\u00e2ge de 18 ans puis au FC Plan-les-Ouates durant 30 ans environ et je termine ma carri\u00e8re au Signal FC Bernex-Confignon.<\/p>\n<p>&#8211; D&rsquo;o\u00f9 vient ta passion pour le football ?<br \/>\nC&rsquo;est une histoire de famille<\/p>\n<p>&#8211; S&rsquo;il y a un joueur que tu aurais voulu affronter dans ta carri\u00e8re, \u00e7a serait ?<br \/>\nRivelino ou Ronaldinho<\/p>\n<p>&#8211; Quel style de jeu pr\u00f4nes-tu ? Pr\u00e9f\u00e8res-tu l&rsquo;\u00e9cole Bar\u00e7a, Ajax, Juventus&#8230;<br \/>\nBar\u00e7a et le Bayern avec 3 attaquants<\/p>\n<p>&#8211; Quels sont tes objectifs pour cette saison ?<br \/>\nSe frotter contre de meilleures \u00e9quipes au second tour et \u00eatre heureux dans notre r\u00f4le de transmettre aux joueurs une philosophie<\/p>\n<p>&#8211; Si tu pouvais entra\u00eener l&rsquo;\u00e9quipe et le club de ton choix, \u00e7a serait ?<br \/>\nLe SFC !<\/p>\n<p>&#8211; Qu-est-ce qui t&rsquo;as attir\u00e9 \u00e0 venir au Signal FC Bernex-Confignon ?<br \/>\nUn copain nomme Kiki !<\/p>\n<p>&#8211; Jusqu&rsquo;o\u00f9 souhaites-tu aller en tant qu&rsquo;entra\u00eeneur ?<br \/>\nJe vais bient\u00f4t prendre ma retraite<\/p>\n<p>&#8211; As-tu d&rsquo;autres passions et lesquelles ?<br \/>\nOui la justice, je vais r\u00e9guli\u00e8rement au Palais de Justice pour assister aux diff\u00e9rents proc\u00e8s.<\/p>\n<p>&#8211; Ton plat et boisson pr\u00e9f\u00e9r\u00e9s ?<br \/>\nUn plat de viande et un bon vin rouge de qualit\u00e9<\/p>\n<p>&#8211; Si tu pouvais composer l&rsquo;\u00e9quipe de r\u00eave, qui prendrais-tu ?<br \/>\nCruyff, Pele, Maradona, Platini, Rep, Dorfel, Rivelino, Gerd Muller, Ronaldo (attaquants) Deschamps, Rivera, N\u00e9eskens, Lucien Favre, Barberis, Ronaldinho (milieu) Mazzola, Breitner, Beckenbauer, Krol, Lizzarazu, Moser (d\u00e9fenseurs)<\/p>\n<p>Neuer, Zoff, Mayer (gardiens)<br \/>\nEt d&rsquo;autres&#8230;<\/p>\n<p>&#8211; Ta destination de vacances r\u00eav\u00e9e ?<br \/>\nBresil<\/p>\n<p>&#8211; Le stade le plus marquant que tu as visit\u00e9 ou jou\u00e9 ?<br \/>\nMaracana<\/p>\n<p>&#8211; Quel entra\u00eeneur t&rsquo;inspire le plus ?<br \/>\nGuardiola pour autant que tu aies les joueurs !!!!<\/p>\n<p>&#8211; Y a-t-il une question que tu aurais aim\u00e9 qu&rsquo;on te pose et donne nous la r\u00e9ponse si oui&#8230;<br \/>\nJe suis tr\u00e8s satisfait d&rsquo;\u00eatre au Signal FC Bernex-Confignon !!!<\/p>\n<p><img decoding=\"async\" class=\"alignnone size-medium wp-image-6160\" src=\"https:\/\/signal-fc.ch\/wp-content\/uploads\/2019\/01\/C2-300x200.jpeg\" alt=\"\" width=\"300\" height=\"200\" srcset=\"https:\/\/signal-fc.ch\/wp-content\/uploads\/2019\/01\/C2-300x200.jpeg 300w, https:\/\/signal-fc.ch\/wp-content\/uploads\/2019\/01\/C2-768x512.jpeg 768w, https:\/\/signal-fc.ch\/wp-content\/uploads\/2019\/01\/C2-1024x683.jpeg 1024w, https:\/\/signal-fc.ch\/wp-content\/uploads\/2019\/01\/C2.jpeg 1200w\" sizes=\"(max-width: 300px) 100vw, 300px\" \/><\/p>\n<p>&nbsp;<\/p>\n","protected":false},"excerpt":{"rendered":"<p>Un entra\u00eeneur qui a une tr\u00e8s grande passion du ballon rond, et qui a en plus une exp\u00e9rience tr\u00e8s compl\u00e8te, avec plus de 40 ans d&rsquo;exp\u00e9rience. C&rsquo;est un fervent d\u00e9fenseur du jeu offensif, et aime pouvoir apporter une philosophie de jeu \u00e0 ses \u00e9quipes. Cette saison, il a travaill\u00e9 avec Correntin Martins et obtenu le&hellip;<\/p>\n","protected":false},"author":2,"featured_media":6161,"comment_status":"open","ping_status":"open","sticky":false,"template":"","format":"standard","meta":{"footnotes":""},"categories":[21,29],"tags":[],"class_list":["post-6159","post","type-post","status-publish","format-standard","has-post-thumbnail","hentry","category-actualites","category-actualites-de-lequipe-juniors-c2"],"yoast_head":"<!-- This site is optimized with the Yoast SEO plugin v27.5 - https:\/\/yoast.com\/product\/yoast-seo-wordpress\/ -->\n<title>Co-entraineur des Juniors C2, Pierre-Yves Malagoli. - Signal FC<\/title>\n<meta name=\"robots\" content=\"index, follow, max-snippet:-1, max-image-preview:large, max-video-preview:-1\" \/>\n<link rel=\"canonical\" href=\"https:\/\/signal-fc.ch\/actualites\/co-entraineur-des-juniors-c2-pierre-yves-malagoli\/\" \/>\n<meta property=\"og:locale\" content=\"fr_FR\" \/>\n<meta property=\"og:type\" content=\"article\" \/>\n<meta property=\"og:title\" content=\"Co-entraineur des Juniors C2, Pierre-Yves Malagoli. - Signal FC\" \/>\n<meta property=\"og:description\" content=\"Un entra\u00eeneur qui a une tr\u00e8s grande passion du ballon rond, et qui a en plus une exp\u00e9rience tr\u00e8s compl\u00e8te, avec plus de 40 ans d&rsquo;exp\u00e9rience. C&rsquo;est un fervent d\u00e9fenseur du jeu offensif, et aime pouvoir apporter une philosophie de jeu \u00e0 ses \u00e9quipes. Cette saison, il a travaill\u00e9 avec Correntin Martins et obtenu le&hellip;\" \/>\n<meta property=\"og:url\" content=\"https:\/\/signal-fc.ch\/actualites\/co-entraineur-des-juniors-c2-pierre-yves-malagoli\/\" \/>\n<meta property=\"og:site_name\" content=\"Signal FC\" \/>\n<meta property=\"article:publisher\" content=\"https:\/\/www.facebook.com\/signalfc.ch\" \/>\n<meta property=\"article:published_time\" content=\"2019-01-28T14:03:06+00:00\" \/>\n<meta property=\"article:modified_time\" content=\"2019-01-28T14:03:15+00:00\" \/>\n<meta property=\"og:image\" content=\"https:\/\/signal-fc.ch\/wp-content\/uploads\/2019\/01\/C2-City-FC-Signal-17.11-122.jpg\" \/>\n\t<meta property=\"og:image:width\" content=\"1200\" \/>\n\t<meta property=\"og:image:height\" content=\"900\" \/>\n\t<meta property=\"og:image:type\" content=\"image\/jpeg\" \/>\n<meta name=\"author\" content=\"Manu Lopez\" \/>\n<meta name=\"twitter:card\" content=\"summary_large_image\" \/>\n<meta name=\"twitter:label1\" content=\"\u00c9crit par\" \/>\n\t<meta name=\"twitter:data1\" content=\"Manu Lopez\" \/>\n\t<meta name=\"twitter:label2\" content=\"Dur\u00e9e de lecture estim\u00e9e\" \/>\n\t<meta name=\"twitter:data2\" content=\"2 minutes\" \/>\n<script type=\"application\/ld+json\" class=\"yoast-schema-graph\">{\"@context\":\"https:\\\/\\\/schema.org\",\"@graph\":[{\"@type\":\"Article\",\"@id\":\"https:\\\/\\\/signal-fc.ch\\\/actualites\\\/co-entraineur-des-juniors-c2-pierre-yves-malagoli\\\/#article\",\"isPartOf\":{\"@id\":\"https:\\\/\\\/signal-fc.ch\\\/actualites\\\/co-entraineur-des-juniors-c2-pierre-yves-malagoli\\\/\"},\"author\":{\"name\":\"Manu Lopez\",\"@id\":\"https:\\\/\\\/signal-fc.ch\\\/#\\\/schema\\\/person\\\/e79cba69a7c986c7613b14f454a7456f\"},\"headline\":\"Co-entraineur des Juniors C2, Pierre-Yves Malagoli.\",\"datePublished\":\"2019-01-28T14:03:06+00:00\",\"dateModified\":\"2019-01-28T14:03:15+00:00\",\"mainEntityOfPage\":{\"@id\":\"https:\\\/\\\/signal-fc.ch\\\/actualites\\\/co-entraineur-des-juniors-c2-pierre-yves-malagoli\\\/\"},\"wordCount\":492,\"commentCount\":0,\"publisher\":{\"@id\":\"https:\\\/\\\/signal-fc.ch\\\/#organization\"},\"image\":{\"@id\":\"https:\\\/\\\/signal-fc.ch\\\/actualites\\\/co-entraineur-des-juniors-c2-pierre-yves-malagoli\\\/#primaryimage\"},\"thumbnailUrl\":\"https:\\\/\\\/signal-fc.ch\\\/wp-content\\\/uploads\\\/2019\\\/01\\\/C2-City-FC-Signal-17.11-122.jpg\",\"articleSection\":[\"Actualit\u00e9s\",\"Actualit\u00e9s de l'\u00e9quipe Juniors C2\"],\"inLanguage\":\"fr-FR\",\"potentialAction\":[{\"@type\":\"CommentAction\",\"name\":\"Comment\",\"target\":[\"https:\\\/\\\/signal-fc.ch\\\/actualites\\\/co-entraineur-des-juniors-c2-pierre-yves-malagoli\\\/#respond\"]}]},{\"@type\":\"WebPage\",\"@id\":\"https:\\\/\\\/signal-fc.ch\\\/actualites\\\/co-entraineur-des-juniors-c2-pierre-yves-malagoli\\\/\",\"url\":\"https:\\\/\\\/signal-fc.ch\\\/actualites\\\/co-entraineur-des-juniors-c2-pierre-yves-malagoli\\\/\",\"name\":\"Co-entraineur des Juniors C2, Pierre-Yves Malagoli. - Signal FC\",\"isPartOf\":{\"@id\":\"https:\\\/\\\/signal-fc.ch\\\/#website\"},\"primaryImageOfPage\":{\"@id\":\"https:\\\/\\\/signal-fc.ch\\\/actualites\\\/co-entraineur-des-juniors-c2-pierre-yves-malagoli\\\/#primaryimage\"},\"image\":{\"@id\":\"https:\\\/\\\/signal-fc.ch\\\/actualites\\\/co-entraineur-des-juniors-c2-pierre-yves-malagoli\\\/#primaryimage\"},\"thumbnailUrl\":\"https:\\\/\\\/signal-fc.ch\\\/wp-content\\\/uploads\\\/2019\\\/01\\\/C2-City-FC-Signal-17.11-122.jpg\",\"datePublished\":\"2019-01-28T14:03:06+00:00\",\"dateModified\":\"2019-01-28T14:03:15+00:00\",\"breadcrumb\":{\"@id\":\"https:\\\/\\\/signal-fc.ch\\\/actualites\\\/co-entraineur-des-juniors-c2-pierre-yves-malagoli\\\/#breadcrumb\"},\"inLanguage\":\"fr-FR\",\"potentialAction\":[{\"@type\":\"ReadAction\",\"target\":[\"https:\\\/\\\/signal-fc.ch\\\/actualites\\\/co-entraineur-des-juniors-c2-pierre-yves-malagoli\\\/\"]}]},{\"@type\":\"ImageObject\",\"inLanguage\":\"fr-FR\",\"@id\":\"https:\\\/\\\/signal-fc.ch\\\/actualites\\\/co-entraineur-des-juniors-c2-pierre-yves-malagoli\\\/#primaryimage\",\"url\":\"https:\\\/\\\/signal-fc.ch\\\/wp-content\\\/uploads\\\/2019\\\/01\\\/C2-City-FC-Signal-17.11-122.jpg\",\"contentUrl\":\"https:\\\/\\\/signal-fc.ch\\\/wp-content\\\/uploads\\\/2019\\\/01\\\/C2-City-FC-Signal-17.11-122.jpg\",\"width\":1200,\"height\":900},{\"@type\":\"BreadcrumbList\",\"@id\":\"https:\\\/\\\/signal-fc.ch\\\/actualites\\\/co-entraineur-des-juniors-c2-pierre-yves-malagoli\\\/#breadcrumb\",\"itemListElement\":[{\"@type\":\"ListItem\",\"position\":1,\"name\":\"Accueil\",\"item\":\"https:\\\/\\\/signal-fc.ch\\\/\"},{\"@type\":\"ListItem\",\"position\":2,\"name\":\"Co-entraineur des Juniors C2, Pierre-Yves Malagoli.\"}]},{\"@type\":\"WebSite\",\"@id\":\"https:\\\/\\\/signal-fc.ch\\\/#website\",\"url\":\"https:\\\/\\\/signal-fc.ch\\\/\",\"name\":\"Signal FC Bernex-Confignon\",\"description\":\"\u00c9cole de Foot \u00e0 Bernex\",\"publisher\":{\"@id\":\"https:\\\/\\\/signal-fc.ch\\\/#organization\"},\"potentialAction\":[{\"@type\":\"SearchAction\",\"target\":{\"@type\":\"EntryPoint\",\"urlTemplate\":\"https:\\\/\\\/signal-fc.ch\\\/?s={search_term_string}\"},\"query-input\":{\"@type\":\"PropertyValueSpecification\",\"valueRequired\":true,\"valueName\":\"search_term_string\"}}],\"inLanguage\":\"fr-FR\"},{\"@type\":\"Organization\",\"@id\":\"https:\\\/\\\/signal-fc.ch\\\/#organization\",\"name\":\"Signal FC Bernex-Confignon\",\"url\":\"https:\\\/\\\/signal-fc.ch\\\/\",\"logo\":{\"@type\":\"ImageObject\",\"inLanguage\":\"fr-FR\",\"@id\":\"https:\\\/\\\/signal-fc.ch\\\/#\\\/schema\\\/logo\\\/image\\\/\",\"url\":\"https:\\\/\\\/signal-fc.ch\\\/wp-content\\\/uploads\\\/2018\\\/06\\\/cropped-signal-fc-logo_h.png\",\"contentUrl\":\"https:\\\/\\\/signal-fc.ch\\\/wp-content\\\/uploads\\\/2018\\\/06\\\/cropped-signal-fc-logo_h.png\",\"width\":512,\"height\":512,\"caption\":\"Signal FC Bernex-Confignon\"},\"image\":{\"@id\":\"https:\\\/\\\/signal-fc.ch\\\/#\\\/schema\\\/logo\\\/image\\\/\"},\"sameAs\":[\"https:\\\/\\\/www.facebook.com\\\/signalfc.ch\"]},{\"@type\":\"Person\",\"@id\":\"https:\\\/\\\/signal-fc.ch\\\/#\\\/schema\\\/person\\\/e79cba69a7c986c7613b14f454a7456f\",\"name\":\"Manu Lopez\",\"image\":{\"@type\":\"ImageObject\",\"inLanguage\":\"fr-FR\",\"@id\":\"https:\\\/\\\/secure.gravatar.com\\\/avatar\\\/d5f16101c11df02dad7afd8dcd4a5e43a95d88969758c7ea8c462ca6800ab3a1?s=96&d=mm&r=g\",\"url\":\"https:\\\/\\\/secure.gravatar.com\\\/avatar\\\/d5f16101c11df02dad7afd8dcd4a5e43a95d88969758c7ea8c462ca6800ab3a1?s=96&d=mm&r=g\",\"contentUrl\":\"https:\\\/\\\/secure.gravatar.com\\\/avatar\\\/d5f16101c11df02dad7afd8dcd4a5e43a95d88969758c7ea8c462ca6800ab3a1?s=96&d=mm&r=g\",\"caption\":\"Manu Lopez\"}}]}<\/script>\n<!-- \/ Yoast SEO plugin. -->","yoast_head_json":{"title":"Co-entraineur des Juniors C2, Pierre-Yves Malagoli. - Signal FC","robots":{"index":"index","follow":"follow","max-snippet":"max-snippet:-1","max-image-preview":"max-image-preview:large","max-video-preview":"max-video-preview:-1"},"canonical":"https:\/\/signal-fc.ch\/actualites\/co-entraineur-des-juniors-c2-pierre-yves-malagoli\/","og_locale":"fr_FR","og_type":"article","og_title":"Co-entraineur des Juniors C2, Pierre-Yves Malagoli. - Signal FC","og_description":"Un entra\u00eeneur qui a une tr\u00e8s grande passion du ballon rond, et qui a en plus une exp\u00e9rience tr\u00e8s compl\u00e8te, avec plus de 40 ans d&rsquo;exp\u00e9rience. C&rsquo;est un fervent d\u00e9fenseur du jeu offensif, et aime pouvoir apporter une philosophie de jeu \u00e0 ses \u00e9quipes. Cette saison, il a travaill\u00e9 avec Correntin Martins et obtenu le&hellip;","og_url":"https:\/\/signal-fc.ch\/actualites\/co-entraineur-des-juniors-c2-pierre-yves-malagoli\/","og_site_name":"Signal FC","article_publisher":"https:\/\/www.facebook.com\/signalfc.ch","article_published_time":"2019-01-28T14:03:06+00:00","article_modified_time":"2019-01-28T14:03:15+00:00","og_image":[{"width":1200,"height":900,"url":"https:\/\/signal-fc.ch\/wp-content\/uploads\/2019\/01\/C2-City-FC-Signal-17.11-122.jpg","type":"image\/jpeg"}],"author":"Manu Lopez","twitter_card":"summary_large_image","twitter_misc":{"\u00c9crit par":"Manu Lopez","Dur\u00e9e de lecture estim\u00e9e":"2 minutes"},"schema":{"@context":"https:\/\/schema.org","@graph":[{"@type":"Article","@id":"https:\/\/signal-fc.ch\/actualites\/co-entraineur-des-juniors-c2-pierre-yves-malagoli\/#article","isPartOf":{"@id":"https:\/\/signal-fc.ch\/actualites\/co-entraineur-des-juniors-c2-pierre-yves-malagoli\/"},"author":{"name":"Manu Lopez","@id":"https:\/\/signal-fc.ch\/#\/schema\/person\/e79cba69a7c986c7613b14f454a7456f"},"headline":"Co-entraineur des Juniors C2, Pierre-Yves Malagoli.","datePublished":"2019-01-28T14:03:06+00:00","dateModified":"2019-01-28T14:03:15+00:00","mainEntityOfPage":{"@id":"https:\/\/signal-fc.ch\/actualites\/co-entraineur-des-juniors-c2-pierre-yves-malagoli\/"},"wordCount":492,"commentCount":0,"publisher":{"@id":"https:\/\/signal-fc.ch\/#organization"},"image":{"@id":"https:\/\/signal-fc.ch\/actualites\/co-entraineur-des-juniors-c2-pierre-yves-malagoli\/#primaryimage"},"thumbnailUrl":"https:\/\/signal-fc.ch\/wp-content\/uploads\/2019\/01\/C2-City-FC-Signal-17.11-122.jpg","articleSection":["Actualit\u00e9s","Actualit\u00e9s de l'\u00e9quipe Juniors C2"],"inLanguage":"fr-FR","potentialAction":[{"@type":"CommentAction","name":"Comment","target":["https:\/\/signal-fc.ch\/actualites\/co-entraineur-des-juniors-c2-pierre-yves-malagoli\/#respond"]}]},{"@type":"WebPage","@id":"https:\/\/signal-fc.ch\/actualites\/co-entraineur-des-juniors-c2-pierre-yves-malagoli\/","url":"https:\/\/signal-fc.ch\/actualites\/co-entraineur-des-juniors-c2-pierre-yves-malagoli\/","name":"Co-entraineur des Juniors C2, Pierre-Yves Malagoli. - Signal FC","isPartOf":{"@id":"https:\/\/signal-fc.ch\/#website"},"primaryImageOfPage":{"@id":"https:\/\/signal-fc.ch\/actualites\/co-entraineur-des-juniors-c2-pierre-yves-malagoli\/#primaryimage"},"image":{"@id":"https:\/\/signal-fc.ch\/actualites\/co-entraineur-des-juniors-c2-pierre-yves-malagoli\/#primaryimage"},"thumbnailUrl":"https:\/\/signal-fc.ch\/wp-content\/uploads\/2019\/01\/C2-City-FC-Signal-17.11-122.jpg","datePublished":"2019-01-28T14:03:06+00:00","dateModified":"2019-01-28T14:03:15+00:00","breadcrumb":{"@id":"https:\/\/signal-fc.ch\/actualites\/co-entraineur-des-juniors-c2-pierre-yves-malagoli\/#breadcrumb"},"inLanguage":"fr-FR","potentialAction":[{"@type":"ReadAction","target":["https:\/\/signal-fc.ch\/actualites\/co-entraineur-des-juniors-c2-pierre-yves-malagoli\/"]}]},{"@type":"ImageObject","inLanguage":"fr-FR","@id":"https:\/\/signal-fc.ch\/actualites\/co-entraineur-des-juniors-c2-pierre-yves-malagoli\/#primaryimage","url":"https:\/\/signal-fc.ch\/wp-content\/uploads\/2019\/01\/C2-City-FC-Signal-17.11-122.jpg","contentUrl":"https:\/\/signal-fc.ch\/wp-content\/uploads\/2019\/01\/C2-City-FC-Signal-17.11-122.jpg","width":1200,"height":900},{"@type":"BreadcrumbList","@id":"https:\/\/signal-fc.ch\/actualites\/co-entraineur-des-juniors-c2-pierre-yves-malagoli\/#breadcrumb","itemListElement":[{"@type":"ListItem","position":1,"name":"Accueil","item":"https:\/\/signal-fc.ch\/"},{"@type":"ListItem","position":2,"name":"Co-entraineur des Juniors C2, Pierre-Yves Malagoli."}]},{"@type":"WebSite","@id":"https:\/\/signal-fc.ch\/#website","url":"https:\/\/signal-fc.ch\/","name":"Signal FC Bernex-Confignon","description":"\u00c9cole de Foot \u00e0 Bernex","publisher":{"@id":"https:\/\/signal-fc.ch\/#organization"},"potentialAction":[{"@type":"SearchAction","target":{"@type":"EntryPoint","urlTemplate":"https:\/\/signal-fc.ch\/?s={search_term_string}"},"query-input":{"@type":"PropertyValueSpecification","valueRequired":true,"valueName":"search_term_string"}}],"inLanguage":"fr-FR"},{"@type":"Organization","@id":"https:\/\/signal-fc.ch\/#organization","name":"Signal FC Bernex-Confignon","url":"https:\/\/signal-fc.ch\/","logo":{"@type":"ImageObject","inLanguage":"fr-FR","@id":"https:\/\/signal-fc.ch\/#\/schema\/logo\/image\/","url":"https:\/\/signal-fc.ch\/wp-content\/uploads\/2018\/06\/cropped-signal-fc-logo_h.png","contentUrl":"https:\/\/signal-fc.ch\/wp-content\/uploads\/2018\/06\/cropped-signal-fc-logo_h.png","width":512,"height":512,"caption":"Signal FC Bernex-Confignon"},"image":{"@id":"https:\/\/signal-fc.ch\/#\/schema\/logo\/image\/"},"sameAs":["https:\/\/www.facebook.com\/signalfc.ch"]},{"@type":"Person","@id":"https:\/\/signal-fc.ch\/#\/schema\/person\/e79cba69a7c986c7613b14f454a7456f","name":"Manu Lopez","image":{"@type":"ImageObject","inLanguage":"fr-FR","@id":"https:\/\/secure.gravatar.com\/avatar\/d5f16101c11df02dad7afd8dcd4a5e43a95d88969758c7ea8c462ca6800ab3a1?s=96&d=mm&r=g","url":"https:\/\/secure.gravatar.com\/avatar\/d5f16101c11df02dad7afd8dcd4a5e43a95d88969758c7ea8c462ca6800ab3a1?s=96&d=mm&r=g","contentUrl":"https:\/\/secure.gravatar.com\/avatar\/d5f16101c11df02dad7afd8dcd4a5e43a95d88969758c7ea8c462ca6800ab3a1?s=96&d=mm&r=g","caption":"Manu Lopez"}}]}},"publishpress_future_action":{"enabled":false,"date":"2026-05-09 06:16:09","action":"change-status","newStatus":"draft","terms":[],"taxonomy":"category","extraData":[]},"publishpress_future_workflow_manual_trigger":{"enabledWorkflows":[]},"_links":{"self":[{"href":"https:\/\/signal-fc.ch\/json\/wp\/v2\/posts\/6159","targetHints":{"allow":["GET"]}}],"collection":[{"href":"https:\/\/signal-fc.ch\/json\/wp\/v2\/posts"}],"about":[{"href":"https:\/\/signal-fc.ch\/json\/wp\/v2\/types\/post"}],"author":[{"embeddable":true,"href":"https:\/\/signal-fc.ch\/json\/wp\/v2\/users\/2"}],"replies":[{"embeddable":true,"href":"https:\/\/signal-fc.ch\/json\/wp\/v2\/comments?post=6159"}],"version-history":[{"count":0,"href":"https:\/\/signal-fc.ch\/json\/wp\/v2\/posts\/6159\/revisions"}],"wp:featuredmedia":[{"embeddable":true,"href":"https:\/\/signal-fc.ch\/json\/wp\/v2\/media\/6161"}],"wp:attachment":[{"href":"https:\/\/signal-fc.ch\/json\/wp\/v2\/media?parent=6159"}],"wp:term":[{"taxonomy":"category","embeddable":true,"href":"https:\/\/signal-fc.ch\/json\/wp\/v2\/categories?post=6159"},{"taxonomy":"post_tag","embeddable":true,"href":"https:\/\/signal-fc.ch\/json\/wp\/v2\/tags?post=6159"}],"curies":[{"name":"wp","href":"https:\/\/api.w.org\/{rel}","templated":true}]}}