{"id":33664,"date":"2024-02-01T12:27:33","date_gmt":"2024-02-01T11:27:33","guid":{"rendered":"https:\/\/signal-fc.ch\/?p=33664"},"modified":"2024-02-01T12:31:59","modified_gmt":"2024-02-01T11:31:59","slug":"soiree-de-lamitie-du-signal-fc-vendredi-1er-mars-2024","status":"publish","type":"post","link":"https:\/\/signal-fc.ch\/actualites\/soiree-de-lamitie-du-signal-fc-vendredi-1er-mars-2024\/","title":{"rendered":"Soir\u00e9e de l\u2019Amiti\u00e9 du Signal FC VENDREDI 1ER MARS 2024"},"content":{"rendered":"<p><img decoding=\"async\" class=\"wp-image-33665 aligncenter\" src=\"https:\/\/signal-fc.ch\/wp-content\/uploads\/2024\/02\/sor-300x113.jpg\" alt=\"\" width=\"451\" height=\"170\" srcset=\"https:\/\/signal-fc.ch\/wp-content\/uploads\/2024\/02\/sor-300x113.jpg 300w, https:\/\/signal-fc.ch\/wp-content\/uploads\/2024\/02\/sor-768x290.jpg 768w, https:\/\/signal-fc.ch\/wp-content\/uploads\/2024\/02\/sor.jpg 960w\" sizes=\"(max-width: 451px) 100vw, 451px\" \/><\/p>\n<p>&nbsp;<\/p>\n<h2 style=\"text-align: center;\"><strong>Soir\u00e9e de l\u2019Amiti\u00e9 du Signal FC<\/strong><\/h2>\n<h2 style=\"text-align: center;\"><strong>VENDREDI 1<sup>er<\/sup> MARS 2024<\/strong><\/h2>\n<h2 style=\"text-align: center;\">Salle Communale de Confignon<\/h2>\n<p><strong><u>Programme<\/u><\/strong><\/p>\n<p><strong>18h30\u00a0: ouverture des portes (pas de r\u00e9servation possible)<\/strong><\/p>\n<p><strong>19h00\u00a0: Repas (entr\u00e9e, p\u00e2tes avec trois sauces \u00e0 choix, dessert, sans boisson)<\/strong><\/p>\n<p><strong>21h00 : Spectacle, mis en sc\u00e8ne et interpr\u00e9t\u00e9 par des membres du comit\u00e9, des entra\u00eeneurs, des joueurs, des parents.<\/strong><strong>\u00a0<\/strong><\/p>\n<p><strong>Adultes CHF 30.- \/ Enfants (jusqu\u2019\u00e0 12 ans) CHF 25.-<\/strong><\/p>\n<p><strong>Inscription obligatoire au moyen du formulaire en ligne<\/strong><\/p>\n<h2><strong><a href=\"https:\/\/docs.google.com\/forms\/d\/10w3K7He5ES6V-oO05qRH21pxVy7gw4yB-m7vQMuG6T8\/edit\">INSCRIPTION SOIREE DE L&rsquo;AMITIE : CLIQUEZ ICI!!!<\/a><\/strong><\/h2>\n<p>&nbsp;<\/p>\n<p><strong>D\u00e9lai d\u2019inscription au 21 f\u00e9vrier 2024.<\/strong><\/p>\n<p><strong>Nombre de places limit\u00e9.<\/strong><\/p>\n<p><a href=\"https:\/\/signal-fc.ch\/wp-content\/uploads\/2024\/02\/Flyer-Soiree-Amitie.pdf\">Flyer Soir\u00e9e Amiti\u00e9<\/a><\/p>\n","protected":false},"excerpt":{"rendered":"<p>&nbsp; Soir\u00e9e de l\u2019Amiti\u00e9 du Signal FC VENDREDI 1er MARS 2024 Salle Communale de Confignon Programme 18h30\u00a0: ouverture des portes (pas de r\u00e9servation possible) 19h00\u00a0: Repas (entr\u00e9e, p\u00e2tes avec trois sauces \u00e0 choix, dessert, sans boisson) 21h00 : Spectacle, mis en sc\u00e8ne et interpr\u00e9t\u00e9 par des membres du comit\u00e9, des entra\u00eeneurs, des joueurs, des parents.\u00a0&hellip;<\/p>\n","protected":false},"author":2,"featured_media":33665,"comment_status":"open","ping_status":"open","sticky":false,"template":"","format":"standard","meta":{"footnotes":""},"categories":[21],"tags":[],"class_list":["post-33664","post","type-post","status-publish","format-standard","has-post-thumbnail","hentry","category-actualites"],"yoast_head":"<!-- This site is optimized with the Yoast SEO plugin v27.2 - https:\/\/yoast.com\/product\/yoast-seo-wordpress\/ -->\n<title>Soir\u00e9e de l\u2019Amiti\u00e9 du Signal FC VENDREDI 1ER MARS 2024 - Signal FC<\/title>\n<meta name=\"robots\" content=\"index, follow, max-snippet:-1, max-image-preview:large, max-video-preview:-1\" \/>\n<link rel=\"canonical\" href=\"https:\/\/signal-fc.ch\/actualites\/soiree-de-lamitie-du-signal-fc-vendredi-1er-mars-2024\/\" \/>\n<meta property=\"og:locale\" content=\"fr_FR\" \/>\n<meta property=\"og:type\" content=\"article\" \/>\n<meta property=\"og:title\" content=\"Soir\u00e9e de l\u2019Amiti\u00e9 du Signal FC VENDREDI 1ER MARS 2024 - Signal FC\" \/>\n<meta property=\"og:description\" content=\"&nbsp; Soir\u00e9e de l\u2019Amiti\u00e9 du Signal FC VENDREDI 1er MARS 2024 Salle Communale de Confignon Programme 18h30\u00a0: ouverture des portes (pas de r\u00e9servation possible) 19h00\u00a0: Repas (entr\u00e9e, p\u00e2tes avec trois sauces \u00e0 choix, dessert, sans boisson) 21h00 : Spectacle, mis en sc\u00e8ne et interpr\u00e9t\u00e9 par des membres du comit\u00e9, des entra\u00eeneurs, des joueurs, des parents.\u00a0&hellip;\" \/>\n<meta property=\"og:url\" content=\"https:\/\/signal-fc.ch\/actualites\/soiree-de-lamitie-du-signal-fc-vendredi-1er-mars-2024\/\" \/>\n<meta property=\"og:site_name\" content=\"Signal FC\" \/>\n<meta property=\"article:publisher\" content=\"https:\/\/www.facebook.com\/signalfc.ch\" \/>\n<meta property=\"article:published_time\" content=\"2024-02-01T11:27:33+00:00\" \/>\n<meta property=\"article:modified_time\" content=\"2024-02-01T11:31:59+00:00\" \/>\n<meta property=\"og:image\" content=\"https:\/\/signal-fc.ch\/wp-content\/uploads\/2024\/02\/sor.jpg\" \/>\n\t<meta property=\"og:image:width\" content=\"960\" \/>\n\t<meta property=\"og:image:height\" content=\"362\" \/>\n\t<meta property=\"og:image:type\" content=\"image\/jpeg\" \/>\n<meta name=\"author\" content=\"Manu Lopez\" \/>\n<meta name=\"twitter:card\" content=\"summary_large_image\" \/>\n<meta name=\"twitter:label1\" content=\"\u00c9crit par\" \/>\n\t<meta name=\"twitter:data1\" content=\"Manu Lopez\" \/>\n\t<meta name=\"twitter:label2\" content=\"Dur\u00e9e de lecture estim\u00e9e\" \/>\n\t<meta name=\"twitter:data2\" content=\"1 minute\" \/>\n<script type=\"application\/ld+json\" class=\"yoast-schema-graph\">{\"@context\":\"https:\/\/schema.org\",\"@graph\":[{\"@type\":\"Article\",\"@id\":\"https:\/\/signal-fc.ch\/actualites\/soiree-de-lamitie-du-signal-fc-vendredi-1er-mars-2024\/#article\",\"isPartOf\":{\"@id\":\"https:\/\/signal-fc.ch\/actualites\/soiree-de-lamitie-du-signal-fc-vendredi-1er-mars-2024\/\"},\"author\":{\"name\":\"Manu Lopez\",\"@id\":\"https:\/\/signal-fc.ch\/#\/schema\/person\/e79cba69a7c986c7613b14f454a7456f\"},\"headline\":\"Soir\u00e9e de l\u2019Amiti\u00e9 du Signal FC VENDREDI 1ER MARS 2024\",\"datePublished\":\"2024-02-01T11:27:33+00:00\",\"dateModified\":\"2024-02-01T11:31:59+00:00\",\"mainEntityOfPage\":{\"@id\":\"https:\/\/signal-fc.ch\/actualites\/soiree-de-lamitie-du-signal-fc-vendredi-1er-mars-2024\/\"},\"wordCount\":110,\"commentCount\":0,\"publisher\":{\"@id\":\"https:\/\/signal-fc.ch\/#organization\"},\"image\":{\"@id\":\"https:\/\/signal-fc.ch\/actualites\/soiree-de-lamitie-du-signal-fc-vendredi-1er-mars-2024\/#primaryimage\"},\"thumbnailUrl\":\"https:\/\/signal-fc.ch\/wp-content\/uploads\/2024\/02\/sor.jpg\",\"articleSection\":[\"Actualit\u00e9s\"],\"inLanguage\":\"fr-FR\",\"potentialAction\":[{\"@type\":\"CommentAction\",\"name\":\"Comment\",\"target\":[\"https:\/\/signal-fc.ch\/actualites\/soiree-de-lamitie-du-signal-fc-vendredi-1er-mars-2024\/#respond\"]}]},{\"@type\":\"WebPage\",\"@id\":\"https:\/\/signal-fc.ch\/actualites\/soiree-de-lamitie-du-signal-fc-vendredi-1er-mars-2024\/\",\"url\":\"https:\/\/signal-fc.ch\/actualites\/soiree-de-lamitie-du-signal-fc-vendredi-1er-mars-2024\/\",\"name\":\"Soir\u00e9e de l\u2019Amiti\u00e9 du Signal FC VENDREDI 1ER MARS 2024 - Signal FC\",\"isPartOf\":{\"@id\":\"https:\/\/signal-fc.ch\/#website\"},\"primaryImageOfPage\":{\"@id\":\"https:\/\/signal-fc.ch\/actualites\/soiree-de-lamitie-du-signal-fc-vendredi-1er-mars-2024\/#primaryimage\"},\"image\":{\"@id\":\"https:\/\/signal-fc.ch\/actualites\/soiree-de-lamitie-du-signal-fc-vendredi-1er-mars-2024\/#primaryimage\"},\"thumbnailUrl\":\"https:\/\/signal-fc.ch\/wp-content\/uploads\/2024\/02\/sor.jpg\",\"datePublished\":\"2024-02-01T11:27:33+00:00\",\"dateModified\":\"2024-02-01T11:31:59+00:00\",\"breadcrumb\":{\"@id\":\"https:\/\/signal-fc.ch\/actualites\/soiree-de-lamitie-du-signal-fc-vendredi-1er-mars-2024\/#breadcrumb\"},\"inLanguage\":\"fr-FR\",\"potentialAction\":[{\"@type\":\"ReadAction\",\"target\":[\"https:\/\/signal-fc.ch\/actualites\/soiree-de-lamitie-du-signal-fc-vendredi-1er-mars-2024\/\"]}]},{\"@type\":\"ImageObject\",\"inLanguage\":\"fr-FR\",\"@id\":\"https:\/\/signal-fc.ch\/actualites\/soiree-de-lamitie-du-signal-fc-vendredi-1er-mars-2024\/#primaryimage\",\"url\":\"https:\/\/signal-fc.ch\/wp-content\/uploads\/2024\/02\/sor.jpg\",\"contentUrl\":\"https:\/\/signal-fc.ch\/wp-content\/uploads\/2024\/02\/sor.jpg\",\"width\":960,\"height\":362},{\"@type\":\"BreadcrumbList\",\"@id\":\"https:\/\/signal-fc.ch\/actualites\/soiree-de-lamitie-du-signal-fc-vendredi-1er-mars-2024\/#breadcrumb\",\"itemListElement\":[{\"@type\":\"ListItem\",\"position\":1,\"name\":\"Accueil\",\"item\":\"https:\/\/signal-fc.ch\/\"},{\"@type\":\"ListItem\",\"position\":2,\"name\":\"Soir\u00e9e de l\u2019Amiti\u00e9 du Signal FC VENDREDI 1ER MARS 2024\"}]},{\"@type\":\"WebSite\",\"@id\":\"https:\/\/signal-fc.ch\/#website\",\"url\":\"https:\/\/signal-fc.ch\/\",\"name\":\"Signal FC Bernex-Confignon\",\"description\":\"\u00c9cole de Foot \u00e0 Bernex\",\"publisher\":{\"@id\":\"https:\/\/signal-fc.ch\/#organization\"},\"potentialAction\":[{\"@type\":\"SearchAction\",\"target\":{\"@type\":\"EntryPoint\",\"urlTemplate\":\"https:\/\/signal-fc.ch\/?s={search_term_string}\"},\"query-input\":{\"@type\":\"PropertyValueSpecification\",\"valueRequired\":true,\"valueName\":\"search_term_string\"}}],\"inLanguage\":\"fr-FR\"},{\"@type\":\"Organization\",\"@id\":\"https:\/\/signal-fc.ch\/#organization\",\"name\":\"Signal FC Bernex-Confignon\",\"url\":\"https:\/\/signal-fc.ch\/\",\"logo\":{\"@type\":\"ImageObject\",\"inLanguage\":\"fr-FR\",\"@id\":\"https:\/\/signal-fc.ch\/#\/schema\/logo\/image\/\",\"url\":\"https:\/\/signal-fc.ch\/wp-content\/uploads\/2018\/06\/cropped-signal-fc-logo_h.png\",\"contentUrl\":\"https:\/\/signal-fc.ch\/wp-content\/uploads\/2018\/06\/cropped-signal-fc-logo_h.png\",\"width\":512,\"height\":512,\"caption\":\"Signal FC Bernex-Confignon\"},\"image\":{\"@id\":\"https:\/\/signal-fc.ch\/#\/schema\/logo\/image\/\"},\"sameAs\":[\"https:\/\/www.facebook.com\/signalfc.ch\"]},{\"@type\":\"Person\",\"@id\":\"https:\/\/signal-fc.ch\/#\/schema\/person\/e79cba69a7c986c7613b14f454a7456f\",\"name\":\"Manu Lopez\",\"image\":{\"@type\":\"ImageObject\",\"inLanguage\":\"fr-FR\",\"@id\":\"https:\/\/secure.gravatar.com\/avatar\/d5f16101c11df02dad7afd8dcd4a5e43a95d88969758c7ea8c462ca6800ab3a1?s=96&d=mm&r=g\",\"url\":\"https:\/\/secure.gravatar.com\/avatar\/d5f16101c11df02dad7afd8dcd4a5e43a95d88969758c7ea8c462ca6800ab3a1?s=96&d=mm&r=g\",\"contentUrl\":\"https:\/\/secure.gravatar.com\/avatar\/d5f16101c11df02dad7afd8dcd4a5e43a95d88969758c7ea8c462ca6800ab3a1?s=96&d=mm&r=g\",\"caption\":\"Manu Lopez\"}}]}<\/script>\n<!-- \/ Yoast SEO plugin. -->","yoast_head_json":{"title":"Soir\u00e9e de l\u2019Amiti\u00e9 du Signal FC VENDREDI 1ER MARS 2024 - Signal FC","robots":{"index":"index","follow":"follow","max-snippet":"max-snippet:-1","max-image-preview":"max-image-preview:large","max-video-preview":"max-video-preview:-1"},"canonical":"https:\/\/signal-fc.ch\/actualites\/soiree-de-lamitie-du-signal-fc-vendredi-1er-mars-2024\/","og_locale":"fr_FR","og_type":"article","og_title":"Soir\u00e9e de l\u2019Amiti\u00e9 du Signal FC VENDREDI 1ER MARS 2024 - Signal FC","og_description":"&nbsp; Soir\u00e9e de l\u2019Amiti\u00e9 du Signal FC VENDREDI 1er MARS 2024 Salle Communale de Confignon Programme 18h30\u00a0: ouverture des portes (pas de r\u00e9servation possible) 19h00\u00a0: Repas (entr\u00e9e, p\u00e2tes avec trois sauces \u00e0 choix, dessert, sans boisson) 21h00 : Spectacle, mis en sc\u00e8ne et interpr\u00e9t\u00e9 par des membres du comit\u00e9, des entra\u00eeneurs, des joueurs, des parents.\u00a0&hellip;","og_url":"https:\/\/signal-fc.ch\/actualites\/soiree-de-lamitie-du-signal-fc-vendredi-1er-mars-2024\/","og_site_name":"Signal FC","article_publisher":"https:\/\/www.facebook.com\/signalfc.ch","article_published_time":"2024-02-01T11:27:33+00:00","article_modified_time":"2024-02-01T11:31:59+00:00","og_image":[{"width":960,"height":362,"url":"https:\/\/signal-fc.ch\/wp-content\/uploads\/2024\/02\/sor.jpg","type":"image\/jpeg"}],"author":"Manu Lopez","twitter_card":"summary_large_image","twitter_misc":{"\u00c9crit par":"Manu Lopez","Dur\u00e9e de lecture estim\u00e9e":"1 minute"},"schema":{"@context":"https:\/\/schema.org","@graph":[{"@type":"Article","@id":"https:\/\/signal-fc.ch\/actualites\/soiree-de-lamitie-du-signal-fc-vendredi-1er-mars-2024\/#article","isPartOf":{"@id":"https:\/\/signal-fc.ch\/actualites\/soiree-de-lamitie-du-signal-fc-vendredi-1er-mars-2024\/"},"author":{"name":"Manu Lopez","@id":"https:\/\/signal-fc.ch\/#\/schema\/person\/e79cba69a7c986c7613b14f454a7456f"},"headline":"Soir\u00e9e de l\u2019Amiti\u00e9 du Signal FC VENDREDI 1ER MARS 2024","datePublished":"2024-02-01T11:27:33+00:00","dateModified":"2024-02-01T11:31:59+00:00","mainEntityOfPage":{"@id":"https:\/\/signal-fc.ch\/actualites\/soiree-de-lamitie-du-signal-fc-vendredi-1er-mars-2024\/"},"wordCount":110,"commentCount":0,"publisher":{"@id":"https:\/\/signal-fc.ch\/#organization"},"image":{"@id":"https:\/\/signal-fc.ch\/actualites\/soiree-de-lamitie-du-signal-fc-vendredi-1er-mars-2024\/#primaryimage"},"thumbnailUrl":"https:\/\/signal-fc.ch\/wp-content\/uploads\/2024\/02\/sor.jpg","articleSection":["Actualit\u00e9s"],"inLanguage":"fr-FR","potentialAction":[{"@type":"CommentAction","name":"Comment","target":["https:\/\/signal-fc.ch\/actualites\/soiree-de-lamitie-du-signal-fc-vendredi-1er-mars-2024\/#respond"]}]},{"@type":"WebPage","@id":"https:\/\/signal-fc.ch\/actualites\/soiree-de-lamitie-du-signal-fc-vendredi-1er-mars-2024\/","url":"https:\/\/signal-fc.ch\/actualites\/soiree-de-lamitie-du-signal-fc-vendredi-1er-mars-2024\/","name":"Soir\u00e9e de l\u2019Amiti\u00e9 du Signal FC VENDREDI 1ER MARS 2024 - Signal FC","isPartOf":{"@id":"https:\/\/signal-fc.ch\/#website"},"primaryImageOfPage":{"@id":"https:\/\/signal-fc.ch\/actualites\/soiree-de-lamitie-du-signal-fc-vendredi-1er-mars-2024\/#primaryimage"},"image":{"@id":"https:\/\/signal-fc.ch\/actualites\/soiree-de-lamitie-du-signal-fc-vendredi-1er-mars-2024\/#primaryimage"},"thumbnailUrl":"https:\/\/signal-fc.ch\/wp-content\/uploads\/2024\/02\/sor.jpg","datePublished":"2024-02-01T11:27:33+00:00","dateModified":"2024-02-01T11:31:59+00:00","breadcrumb":{"@id":"https:\/\/signal-fc.ch\/actualites\/soiree-de-lamitie-du-signal-fc-vendredi-1er-mars-2024\/#breadcrumb"},"inLanguage":"fr-FR","potentialAction":[{"@type":"ReadAction","target":["https:\/\/signal-fc.ch\/actualites\/soiree-de-lamitie-du-signal-fc-vendredi-1er-mars-2024\/"]}]},{"@type":"ImageObject","inLanguage":"fr-FR","@id":"https:\/\/signal-fc.ch\/actualites\/soiree-de-lamitie-du-signal-fc-vendredi-1er-mars-2024\/#primaryimage","url":"https:\/\/signal-fc.ch\/wp-content\/uploads\/2024\/02\/sor.jpg","contentUrl":"https:\/\/signal-fc.ch\/wp-content\/uploads\/2024\/02\/sor.jpg","width":960,"height":362},{"@type":"BreadcrumbList","@id":"https:\/\/signal-fc.ch\/actualites\/soiree-de-lamitie-du-signal-fc-vendredi-1er-mars-2024\/#breadcrumb","itemListElement":[{"@type":"ListItem","position":1,"name":"Accueil","item":"https:\/\/signal-fc.ch\/"},{"@type":"ListItem","position":2,"name":"Soir\u00e9e de l\u2019Amiti\u00e9 du Signal FC VENDREDI 1ER MARS 2024"}]},{"@type":"WebSite","@id":"https:\/\/signal-fc.ch\/#website","url":"https:\/\/signal-fc.ch\/","name":"Signal FC Bernex-Confignon","description":"\u00c9cole de Foot \u00e0 Bernex","publisher":{"@id":"https:\/\/signal-fc.ch\/#organization"},"potentialAction":[{"@type":"SearchAction","target":{"@type":"EntryPoint","urlTemplate":"https:\/\/signal-fc.ch\/?s={search_term_string}"},"query-input":{"@type":"PropertyValueSpecification","valueRequired":true,"valueName":"search_term_string"}}],"inLanguage":"fr-FR"},{"@type":"Organization","@id":"https:\/\/signal-fc.ch\/#organization","name":"Signal FC Bernex-Confignon","url":"https:\/\/signal-fc.ch\/","logo":{"@type":"ImageObject","inLanguage":"fr-FR","@id":"https:\/\/signal-fc.ch\/#\/schema\/logo\/image\/","url":"https:\/\/signal-fc.ch\/wp-content\/uploads\/2018\/06\/cropped-signal-fc-logo_h.png","contentUrl":"https:\/\/signal-fc.ch\/wp-content\/uploads\/2018\/06\/cropped-signal-fc-logo_h.png","width":512,"height":512,"caption":"Signal FC Bernex-Confignon"},"image":{"@id":"https:\/\/signal-fc.ch\/#\/schema\/logo\/image\/"},"sameAs":["https:\/\/www.facebook.com\/signalfc.ch"]},{"@type":"Person","@id":"https:\/\/signal-fc.ch\/#\/schema\/person\/e79cba69a7c986c7613b14f454a7456f","name":"Manu Lopez","image":{"@type":"ImageObject","inLanguage":"fr-FR","@id":"https:\/\/secure.gravatar.com\/avatar\/d5f16101c11df02dad7afd8dcd4a5e43a95d88969758c7ea8c462ca6800ab3a1?s=96&d=mm&r=g","url":"https:\/\/secure.gravatar.com\/avatar\/d5f16101c11df02dad7afd8dcd4a5e43a95d88969758c7ea8c462ca6800ab3a1?s=96&d=mm&r=g","contentUrl":"https:\/\/secure.gravatar.com\/avatar\/d5f16101c11df02dad7afd8dcd4a5e43a95d88969758c7ea8c462ca6800ab3a1?s=96&d=mm&r=g","caption":"Manu Lopez"}}]}},"publishpress_future_action":{"enabled":false,"date":"2026-05-07 04:47:53","action":"change-status","newStatus":"draft","terms":[],"taxonomy":"category","extraData":[]},"publishpress_future_workflow_manual_trigger":{"enabledWorkflows":[]},"_links":{"self":[{"href":"https:\/\/signal-fc.ch\/json\/wp\/v2\/posts\/33664","targetHints":{"allow":["GET"]}}],"collection":[{"href":"https:\/\/signal-fc.ch\/json\/wp\/v2\/posts"}],"about":[{"href":"https:\/\/signal-fc.ch\/json\/wp\/v2\/types\/post"}],"author":[{"embeddable":true,"href":"https:\/\/signal-fc.ch\/json\/wp\/v2\/users\/2"}],"replies":[{"embeddable":true,"href":"https:\/\/signal-fc.ch\/json\/wp\/v2\/comments?post=33664"}],"version-history":[{"count":0,"href":"https:\/\/signal-fc.ch\/json\/wp\/v2\/posts\/33664\/revisions"}],"wp:featuredmedia":[{"embeddable":true,"href":"https:\/\/signal-fc.ch\/json\/wp\/v2\/media\/33665"}],"wp:attachment":[{"href":"https:\/\/signal-fc.ch\/json\/wp\/v2\/media?parent=33664"}],"wp:term":[{"taxonomy":"category","embeddable":true,"href":"https:\/\/signal-fc.ch\/json\/wp\/v2\/categories?post=33664"},{"taxonomy":"post_tag","embeddable":true,"href":"https:\/\/signal-fc.ch\/json\/wp\/v2\/tags?post=33664"}],"curies":[{"name":"wp","href":"https:\/\/api.w.org\/{rel}","templated":true}]}}