{"id":25370,"date":"2022-03-28T14:49:44","date_gmt":"2022-03-28T12:49:44","guid":{"rendered":"https:\/\/signal-fc.ch\/?p=25370"},"modified":"2022-03-28T14:51:05","modified_gmt":"2022-03-28T12:51:05","slug":"la-section-feminine-du-signal-fc-bernex-confignon-a-fait-un-don-a-humberto-lopes","status":"publish","type":"post","link":"https:\/\/signal-fc.ch\/actualites\/la-section-feminine-du-signal-fc-bernex-confignon-a-fait-un-don-a-humberto-lopes\/","title":{"rendered":"La section f\u00e9minine du Signal FC Bernex-Confignon a fait un don \u00e0 Humberto Lopes"},"content":{"rendered":"<h3><strong>La section f\u00e9minine du Signal FC Bernex-Confignon a fait un don \u00e0 Humberto Lopes, chef de projet aupr\u00e8s de l&rsquo;ONG Swiss Green Projects, et ancien entra\u00eeneur\u00a0de la section ainsi que joueur puis entra\u00eeneur de la premi\u00e8re \u00e9quipe du club. L&rsquo;ONG r\u00e9colte entre autre, des dons de mat\u00e9riel de clubs de sport afin de redistribu\u00e9\u00a0le mat\u00e9riel dans les pays d&rsquo;Afrique et d&rsquo;Asie o\u00f9 il manque de mat\u00e9riel et d&rsquo;\u00e9quipement. Swiss Green Projects met des innovations technologique suisse\u00a0au service des communaut\u00e9s locales du Cap Vert et d&rsquo;Asie du Sud-Est.<\/strong><\/h3>\n<h3><strong>Cette ann\u00e9e, les dons ont \u00e9t\u00e9 envoy\u00e9 en Guin\u00e9e-Bissau, et le mat\u00e9riel du Signal FC f\u00e9minin a \u00e9t\u00e9 distribu\u00e9 \u00e0 une \u00e9quipe f\u00e9minine d&rsquo;un village en banlieue de Bafata\u00a0au centre du pays. Notre club est fier de pouvoir faire ce don et esp\u00e8re que ceci permettra \u00e0 l&rsquo;\u00e9quipe guin\u00e9enne de profiter de ce mat\u00e9riel dans les meilleures conditions.<\/strong><\/h3>\n<h3><strong>Pour en savoir plus sur l&rsquo;organisation non gouvernementale Swiss Green Projects, vous pouvez consulter leur site Internet : <a href=\"https:\/\/sgp.ong\/fr\/home\/environnement\/\">https:\/\/sgp.ong\/fr\/home\/environnement\/<\/a><\/strong><\/h3>\n<p><img decoding=\"async\" class=\"alignnone size-medium wp-image-25380\" src=\"https:\/\/signal-fc.ch\/wp-content\/uploads\/2022\/03\/Maillots-Africa15-300x225.jpg\" alt=\"\" width=\"300\" height=\"225\" srcset=\"https:\/\/signal-fc.ch\/wp-content\/uploads\/2022\/03\/Maillots-Africa15-300x225.jpg 300w, https:\/\/signal-fc.ch\/wp-content\/uploads\/2022\/03\/Maillots-Africa15-1024x768.jpg 1024w, https:\/\/signal-fc.ch\/wp-content\/uploads\/2022\/03\/Maillots-Africa15-768x576.jpg 768w, https:\/\/signal-fc.ch\/wp-content\/uploads\/2022\/03\/Maillots-Africa15.jpg 1040w\" sizes=\"(max-width: 300px) 100vw, 300px\" \/> <img decoding=\"async\" class=\"alignnone size-medium wp-image-25379\" src=\"https:\/\/signal-fc.ch\/wp-content\/uploads\/2022\/03\/Maillots-Africa12-300x225.jpg\" alt=\"\" width=\"300\" height=\"225\" srcset=\"https:\/\/signal-fc.ch\/wp-content\/uploads\/2022\/03\/Maillots-Africa12-300x225.jpg 300w, https:\/\/signal-fc.ch\/wp-content\/uploads\/2022\/03\/Maillots-Africa12-1024x768.jpg 1024w, https:\/\/signal-fc.ch\/wp-content\/uploads\/2022\/03\/Maillots-Africa12-768x576.jpg 768w, https:\/\/signal-fc.ch\/wp-content\/uploads\/2022\/03\/Maillots-Africa12.jpg 1040w\" sizes=\"(max-width: 300px) 100vw, 300px\" \/> <img decoding=\"async\" class=\"alignnone size-medium wp-image-25378\" src=\"https:\/\/signal-fc.ch\/wp-content\/uploads\/2022\/03\/Maillots-Africa11-300x225.jpg\" alt=\"\" width=\"300\" height=\"225\" srcset=\"https:\/\/signal-fc.ch\/wp-content\/uploads\/2022\/03\/Maillots-Africa11-300x225.jpg 300w, https:\/\/signal-fc.ch\/wp-content\/uploads\/2022\/03\/Maillots-Africa11-1024x768.jpg 1024w, https:\/\/signal-fc.ch\/wp-content\/uploads\/2022\/03\/Maillots-Africa11-768x576.jpg 768w, https:\/\/signal-fc.ch\/wp-content\/uploads\/2022\/03\/Maillots-Africa11.jpg 1040w\" sizes=\"(max-width: 300px) 100vw, 300px\" \/> <img decoding=\"async\" class=\"alignnone size-medium wp-image-25377\" src=\"https:\/\/signal-fc.ch\/wp-content\/uploads\/2022\/03\/Maillots-Africa10-300x225.jpg\" alt=\"\" width=\"300\" height=\"225\" srcset=\"https:\/\/signal-fc.ch\/wp-content\/uploads\/2022\/03\/Maillots-Africa10-300x225.jpg 300w, https:\/\/signal-fc.ch\/wp-content\/uploads\/2022\/03\/Maillots-Africa10-1024x768.jpg 1024w, https:\/\/signal-fc.ch\/wp-content\/uploads\/2022\/03\/Maillots-Africa10-768x576.jpg 768w, https:\/\/signal-fc.ch\/wp-content\/uploads\/2022\/03\/Maillots-Africa10.jpg 1040w\" sizes=\"(max-width: 300px) 100vw, 300px\" \/> <img decoding=\"async\" class=\"alignnone size-medium wp-image-25376\" src=\"https:\/\/signal-fc.ch\/wp-content\/uploads\/2022\/03\/Maillots-Africa09-300x225.jpg\" alt=\"\" width=\"300\" height=\"225\" srcset=\"https:\/\/signal-fc.ch\/wp-content\/uploads\/2022\/03\/Maillots-Africa09-300x225.jpg 300w, https:\/\/signal-fc.ch\/wp-content\/uploads\/2022\/03\/Maillots-Africa09-1024x768.jpg 1024w, https:\/\/signal-fc.ch\/wp-content\/uploads\/2022\/03\/Maillots-Africa09-768x576.jpg 768w, https:\/\/signal-fc.ch\/wp-content\/uploads\/2022\/03\/Maillots-Africa09.jpg 1040w\" sizes=\"(max-width: 300px) 100vw, 300px\" \/> <img decoding=\"async\" class=\"alignnone size-medium wp-image-25375\" src=\"https:\/\/signal-fc.ch\/wp-content\/uploads\/2022\/03\/Maillots-Africa08-300x225.jpg\" alt=\"\" width=\"300\" height=\"225\" srcset=\"https:\/\/signal-fc.ch\/wp-content\/uploads\/2022\/03\/Maillots-Africa08-300x225.jpg 300w, https:\/\/signal-fc.ch\/wp-content\/uploads\/2022\/03\/Maillots-Africa08-1024x768.jpg 1024w, https:\/\/signal-fc.ch\/wp-content\/uploads\/2022\/03\/Maillots-Africa08-768x576.jpg 768w, https:\/\/signal-fc.ch\/wp-content\/uploads\/2022\/03\/Maillots-Africa08.jpg 1040w\" sizes=\"(max-width: 300px) 100vw, 300px\" \/> <img decoding=\"async\" class=\"alignnone size-medium wp-image-25374\" src=\"https:\/\/signal-fc.ch\/wp-content\/uploads\/2022\/03\/Maillots-Africa06-300x225.jpg\" alt=\"\" width=\"300\" height=\"225\" srcset=\"https:\/\/signal-fc.ch\/wp-content\/uploads\/2022\/03\/Maillots-Africa06-300x225.jpg 300w, https:\/\/signal-fc.ch\/wp-content\/uploads\/2022\/03\/Maillots-Africa06-1024x768.jpg 1024w, https:\/\/signal-fc.ch\/wp-content\/uploads\/2022\/03\/Maillots-Africa06-768x576.jpg 768w, https:\/\/signal-fc.ch\/wp-content\/uploads\/2022\/03\/Maillots-Africa06.jpg 1040w\" sizes=\"(max-width: 300px) 100vw, 300px\" \/> <img decoding=\"async\" class=\"alignnone size-medium wp-image-25373\" src=\"https:\/\/signal-fc.ch\/wp-content\/uploads\/2022\/03\/Maillots-Africa05-300x225.jpg\" alt=\"\" width=\"300\" height=\"225\" srcset=\"https:\/\/signal-fc.ch\/wp-content\/uploads\/2022\/03\/Maillots-Africa05-300x225.jpg 300w, https:\/\/signal-fc.ch\/wp-content\/uploads\/2022\/03\/Maillots-Africa05-1024x768.jpg 1024w, https:\/\/signal-fc.ch\/wp-content\/uploads\/2022\/03\/Maillots-Africa05-768x576.jpg 768w, https:\/\/signal-fc.ch\/wp-content\/uploads\/2022\/03\/Maillots-Africa05.jpg 1040w\" sizes=\"(max-width: 300px) 100vw, 300px\" \/> <img decoding=\"async\" class=\"alignnone size-medium wp-image-25372\" src=\"https:\/\/signal-fc.ch\/wp-content\/uploads\/2022\/03\/Maillots-Africa04-300x225.jpg\" alt=\"\" width=\"300\" height=\"225\" srcset=\"https:\/\/signal-fc.ch\/wp-content\/uploads\/2022\/03\/Maillots-Africa04-300x225.jpg 300w, https:\/\/signal-fc.ch\/wp-content\/uploads\/2022\/03\/Maillots-Africa04-1024x768.jpg 1024w, https:\/\/signal-fc.ch\/wp-content\/uploads\/2022\/03\/Maillots-Africa04-768x576.jpg 768w, https:\/\/signal-fc.ch\/wp-content\/uploads\/2022\/03\/Maillots-Africa04.jpg 1040w\" sizes=\"(max-width: 300px) 100vw, 300px\" \/> <img decoding=\"async\" class=\"alignnone size-medium wp-image-25371\" src=\"https:\/\/signal-fc.ch\/wp-content\/uploads\/2022\/03\/Maillots-Africa02-300x225.jpg\" alt=\"\" width=\"300\" height=\"225\" srcset=\"https:\/\/signal-fc.ch\/wp-content\/uploads\/2022\/03\/Maillots-Africa02-300x225.jpg 300w, https:\/\/signal-fc.ch\/wp-content\/uploads\/2022\/03\/Maillots-Africa02-1024x768.jpg 1024w, https:\/\/signal-fc.ch\/wp-content\/uploads\/2022\/03\/Maillots-Africa02-768x576.jpg 768w, https:\/\/signal-fc.ch\/wp-content\/uploads\/2022\/03\/Maillots-Africa02.jpg 1040w\" sizes=\"(max-width: 300px) 100vw, 300px\" \/><\/p>\n","protected":false},"excerpt":{"rendered":"<p>La section f\u00e9minine du Signal FC Bernex-Confignon a fait un don \u00e0 Humberto Lopes, chef de projet aupr\u00e8s de l&rsquo;ONG Swiss Green Projects, et ancien entra\u00eeneur\u00a0de la section ainsi que joueur puis entra\u00eeneur de la premi\u00e8re \u00e9quipe du club. L&rsquo;ONG r\u00e9colte entre autre, des dons de mat\u00e9riel de clubs de sport afin de redistribu\u00e9\u00a0le mat\u00e9riel&hellip;<\/p>\n","protected":false},"author":2,"featured_media":25376,"comment_status":"open","ping_status":"open","sticky":false,"template":"","format":"standard","meta":{"footnotes":""},"categories":[21],"tags":[],"class_list":["post-25370","post","type-post","status-publish","format-standard","has-post-thumbnail","hentry","category-actualites"],"yoast_head":"<!-- This site is optimized with the Yoast SEO plugin v27.5 - https:\/\/yoast.com\/product\/yoast-seo-wordpress\/ -->\n<title>La section f\u00e9minine du Signal FC Bernex-Confignon a fait un don \u00e0 Humberto Lopes - Signal FC<\/title>\n<meta name=\"robots\" content=\"index, follow, max-snippet:-1, max-image-preview:large, max-video-preview:-1\" \/>\n<link rel=\"canonical\" href=\"https:\/\/signal-fc.ch\/actualites\/la-section-feminine-du-signal-fc-bernex-confignon-a-fait-un-don-a-humberto-lopes\/\" \/>\n<meta property=\"og:locale\" content=\"fr_FR\" \/>\n<meta property=\"og:type\" content=\"article\" \/>\n<meta property=\"og:title\" content=\"La section f\u00e9minine du Signal FC Bernex-Confignon a fait un don \u00e0 Humberto Lopes - Signal FC\" \/>\n<meta property=\"og:description\" content=\"La section f\u00e9minine du Signal FC Bernex-Confignon a fait un don \u00e0 Humberto Lopes, chef de projet aupr\u00e8s de l&rsquo;ONG Swiss Green Projects, et ancien entra\u00eeneur\u00a0de la section ainsi que joueur puis entra\u00eeneur de la premi\u00e8re \u00e9quipe du club. L&rsquo;ONG r\u00e9colte entre autre, des dons de mat\u00e9riel de clubs de sport afin de redistribu\u00e9\u00a0le mat\u00e9riel&hellip;\" \/>\n<meta property=\"og:url\" content=\"https:\/\/signal-fc.ch\/actualites\/la-section-feminine-du-signal-fc-bernex-confignon-a-fait-un-don-a-humberto-lopes\/\" \/>\n<meta property=\"og:site_name\" content=\"Signal FC\" \/>\n<meta property=\"article:publisher\" content=\"https:\/\/www.facebook.com\/signalfc.ch\" \/>\n<meta property=\"article:published_time\" content=\"2022-03-28T12:49:44+00:00\" \/>\n<meta property=\"article:modified_time\" content=\"2022-03-28T12:51:05+00:00\" \/>\n<meta property=\"og:image\" content=\"https:\/\/signal-fc.ch\/wp-content\/uploads\/2022\/03\/Maillots-Africa09.jpg\" \/>\n\t<meta property=\"og:image:width\" content=\"1040\" \/>\n\t<meta property=\"og:image:height\" content=\"780\" \/>\n\t<meta property=\"og:image:type\" content=\"image\/jpeg\" \/>\n<meta name=\"author\" content=\"Manu Lopez\" \/>\n<meta name=\"twitter:card\" content=\"summary_large_image\" \/>\n<meta name=\"twitter:label1\" content=\"\u00c9crit par\" \/>\n\t<meta name=\"twitter:data1\" content=\"Manu Lopez\" \/>\n\t<meta name=\"twitter:label2\" content=\"Dur\u00e9e de lecture estim\u00e9e\" \/>\n\t<meta name=\"twitter:data2\" content=\"3 minutes\" \/>\n<script type=\"application\/ld+json\" class=\"yoast-schema-graph\">{\"@context\":\"https:\\\/\\\/schema.org\",\"@graph\":[{\"@type\":\"Article\",\"@id\":\"https:\\\/\\\/signal-fc.ch\\\/actualites\\\/la-section-feminine-du-signal-fc-bernex-confignon-a-fait-un-don-a-humberto-lopes\\\/#article\",\"isPartOf\":{\"@id\":\"https:\\\/\\\/signal-fc.ch\\\/actualites\\\/la-section-feminine-du-signal-fc-bernex-confignon-a-fait-un-don-a-humberto-lopes\\\/\"},\"author\":{\"name\":\"Manu Lopez\",\"@id\":\"https:\\\/\\\/signal-fc.ch\\\/#\\\/schema\\\/person\\\/e79cba69a7c986c7613b14f454a7456f\"},\"headline\":\"La section f\u00e9minine du Signal FC Bernex-Confignon a fait un don \u00e0 Humberto Lopes\",\"datePublished\":\"2022-03-28T12:49:44+00:00\",\"dateModified\":\"2022-03-28T12:51:05+00:00\",\"mainEntityOfPage\":{\"@id\":\"https:\\\/\\\/signal-fc.ch\\\/actualites\\\/la-section-feminine-du-signal-fc-bernex-confignon-a-fait-un-don-a-humberto-lopes\\\/\"},\"wordCount\":210,\"commentCount\":0,\"publisher\":{\"@id\":\"https:\\\/\\\/signal-fc.ch\\\/#organization\"},\"image\":{\"@id\":\"https:\\\/\\\/signal-fc.ch\\\/actualites\\\/la-section-feminine-du-signal-fc-bernex-confignon-a-fait-un-don-a-humberto-lopes\\\/#primaryimage\"},\"thumbnailUrl\":\"https:\\\/\\\/signal-fc.ch\\\/wp-content\\\/uploads\\\/2022\\\/03\\\/Maillots-Africa09.jpg\",\"articleSection\":[\"Actualit\u00e9s\"],\"inLanguage\":\"fr-FR\",\"potentialAction\":[{\"@type\":\"CommentAction\",\"name\":\"Comment\",\"target\":[\"https:\\\/\\\/signal-fc.ch\\\/actualites\\\/la-section-feminine-du-signal-fc-bernex-confignon-a-fait-un-don-a-humberto-lopes\\\/#respond\"]}]},{\"@type\":\"WebPage\",\"@id\":\"https:\\\/\\\/signal-fc.ch\\\/actualites\\\/la-section-feminine-du-signal-fc-bernex-confignon-a-fait-un-don-a-humberto-lopes\\\/\",\"url\":\"https:\\\/\\\/signal-fc.ch\\\/actualites\\\/la-section-feminine-du-signal-fc-bernex-confignon-a-fait-un-don-a-humberto-lopes\\\/\",\"name\":\"La section f\u00e9minine du Signal FC Bernex-Confignon a fait un don \u00e0 Humberto Lopes - Signal FC\",\"isPartOf\":{\"@id\":\"https:\\\/\\\/signal-fc.ch\\\/#website\"},\"primaryImageOfPage\":{\"@id\":\"https:\\\/\\\/signal-fc.ch\\\/actualites\\\/la-section-feminine-du-signal-fc-bernex-confignon-a-fait-un-don-a-humberto-lopes\\\/#primaryimage\"},\"image\":{\"@id\":\"https:\\\/\\\/signal-fc.ch\\\/actualites\\\/la-section-feminine-du-signal-fc-bernex-confignon-a-fait-un-don-a-humberto-lopes\\\/#primaryimage\"},\"thumbnailUrl\":\"https:\\\/\\\/signal-fc.ch\\\/wp-content\\\/uploads\\\/2022\\\/03\\\/Maillots-Africa09.jpg\",\"datePublished\":\"2022-03-28T12:49:44+00:00\",\"dateModified\":\"2022-03-28T12:51:05+00:00\",\"breadcrumb\":{\"@id\":\"https:\\\/\\\/signal-fc.ch\\\/actualites\\\/la-section-feminine-du-signal-fc-bernex-confignon-a-fait-un-don-a-humberto-lopes\\\/#breadcrumb\"},\"inLanguage\":\"fr-FR\",\"potentialAction\":[{\"@type\":\"ReadAction\",\"target\":[\"https:\\\/\\\/signal-fc.ch\\\/actualites\\\/la-section-feminine-du-signal-fc-bernex-confignon-a-fait-un-don-a-humberto-lopes\\\/\"]}]},{\"@type\":\"ImageObject\",\"inLanguage\":\"fr-FR\",\"@id\":\"https:\\\/\\\/signal-fc.ch\\\/actualites\\\/la-section-feminine-du-signal-fc-bernex-confignon-a-fait-un-don-a-humberto-lopes\\\/#primaryimage\",\"url\":\"https:\\\/\\\/signal-fc.ch\\\/wp-content\\\/uploads\\\/2022\\\/03\\\/Maillots-Africa09.jpg\",\"contentUrl\":\"https:\\\/\\\/signal-fc.ch\\\/wp-content\\\/uploads\\\/2022\\\/03\\\/Maillots-Africa09.jpg\",\"width\":1040,\"height\":780},{\"@type\":\"BreadcrumbList\",\"@id\":\"https:\\\/\\\/signal-fc.ch\\\/actualites\\\/la-section-feminine-du-signal-fc-bernex-confignon-a-fait-un-don-a-humberto-lopes\\\/#breadcrumb\",\"itemListElement\":[{\"@type\":\"ListItem\",\"position\":1,\"name\":\"Accueil\",\"item\":\"https:\\\/\\\/signal-fc.ch\\\/\"},{\"@type\":\"ListItem\",\"position\":2,\"name\":\"La section f\u00e9minine du Signal FC Bernex-Confignon a fait un don \u00e0 Humberto Lopes\"}]},{\"@type\":\"WebSite\",\"@id\":\"https:\\\/\\\/signal-fc.ch\\\/#website\",\"url\":\"https:\\\/\\\/signal-fc.ch\\\/\",\"name\":\"Signal FC Bernex-Confignon\",\"description\":\"\u00c9cole de Foot \u00e0 Bernex\",\"publisher\":{\"@id\":\"https:\\\/\\\/signal-fc.ch\\\/#organization\"},\"potentialAction\":[{\"@type\":\"SearchAction\",\"target\":{\"@type\":\"EntryPoint\",\"urlTemplate\":\"https:\\\/\\\/signal-fc.ch\\\/?s={search_term_string}\"},\"query-input\":{\"@type\":\"PropertyValueSpecification\",\"valueRequired\":true,\"valueName\":\"search_term_string\"}}],\"inLanguage\":\"fr-FR\"},{\"@type\":\"Organization\",\"@id\":\"https:\\\/\\\/signal-fc.ch\\\/#organization\",\"name\":\"Signal FC Bernex-Confignon\",\"url\":\"https:\\\/\\\/signal-fc.ch\\\/\",\"logo\":{\"@type\":\"ImageObject\",\"inLanguage\":\"fr-FR\",\"@id\":\"https:\\\/\\\/signal-fc.ch\\\/#\\\/schema\\\/logo\\\/image\\\/\",\"url\":\"https:\\\/\\\/signal-fc.ch\\\/wp-content\\\/uploads\\\/2018\\\/06\\\/cropped-signal-fc-logo_h.png\",\"contentUrl\":\"https:\\\/\\\/signal-fc.ch\\\/wp-content\\\/uploads\\\/2018\\\/06\\\/cropped-signal-fc-logo_h.png\",\"width\":512,\"height\":512,\"caption\":\"Signal FC Bernex-Confignon\"},\"image\":{\"@id\":\"https:\\\/\\\/signal-fc.ch\\\/#\\\/schema\\\/logo\\\/image\\\/\"},\"sameAs\":[\"https:\\\/\\\/www.facebook.com\\\/signalfc.ch\"]},{\"@type\":\"Person\",\"@id\":\"https:\\\/\\\/signal-fc.ch\\\/#\\\/schema\\\/person\\\/e79cba69a7c986c7613b14f454a7456f\",\"name\":\"Manu Lopez\",\"image\":{\"@type\":\"ImageObject\",\"inLanguage\":\"fr-FR\",\"@id\":\"https:\\\/\\\/secure.gravatar.com\\\/avatar\\\/d5f16101c11df02dad7afd8dcd4a5e43a95d88969758c7ea8c462ca6800ab3a1?s=96&d=mm&r=g\",\"url\":\"https:\\\/\\\/secure.gravatar.com\\\/avatar\\\/d5f16101c11df02dad7afd8dcd4a5e43a95d88969758c7ea8c462ca6800ab3a1?s=96&d=mm&r=g\",\"contentUrl\":\"https:\\\/\\\/secure.gravatar.com\\\/avatar\\\/d5f16101c11df02dad7afd8dcd4a5e43a95d88969758c7ea8c462ca6800ab3a1?s=96&d=mm&r=g\",\"caption\":\"Manu Lopez\"}}]}<\/script>\n<!-- \/ Yoast SEO plugin. -->","yoast_head_json":{"title":"La section f\u00e9minine du Signal FC Bernex-Confignon a fait un don \u00e0 Humberto Lopes - Signal FC","robots":{"index":"index","follow":"follow","max-snippet":"max-snippet:-1","max-image-preview":"max-image-preview:large","max-video-preview":"max-video-preview:-1"},"canonical":"https:\/\/signal-fc.ch\/actualites\/la-section-feminine-du-signal-fc-bernex-confignon-a-fait-un-don-a-humberto-lopes\/","og_locale":"fr_FR","og_type":"article","og_title":"La section f\u00e9minine du Signal FC Bernex-Confignon a fait un don \u00e0 Humberto Lopes - Signal FC","og_description":"La section f\u00e9minine du Signal FC Bernex-Confignon a fait un don \u00e0 Humberto Lopes, chef de projet aupr\u00e8s de l&rsquo;ONG Swiss Green Projects, et ancien entra\u00eeneur\u00a0de la section ainsi que joueur puis entra\u00eeneur de la premi\u00e8re \u00e9quipe du club. L&rsquo;ONG r\u00e9colte entre autre, des dons de mat\u00e9riel de clubs de sport afin de redistribu\u00e9\u00a0le mat\u00e9riel&hellip;","og_url":"https:\/\/signal-fc.ch\/actualites\/la-section-feminine-du-signal-fc-bernex-confignon-a-fait-un-don-a-humberto-lopes\/","og_site_name":"Signal FC","article_publisher":"https:\/\/www.facebook.com\/signalfc.ch","article_published_time":"2022-03-28T12:49:44+00:00","article_modified_time":"2022-03-28T12:51:05+00:00","og_image":[{"width":1040,"height":780,"url":"https:\/\/signal-fc.ch\/wp-content\/uploads\/2022\/03\/Maillots-Africa09.jpg","type":"image\/jpeg"}],"author":"Manu Lopez","twitter_card":"summary_large_image","twitter_misc":{"\u00c9crit par":"Manu Lopez","Dur\u00e9e de lecture estim\u00e9e":"3 minutes"},"schema":{"@context":"https:\/\/schema.org","@graph":[{"@type":"Article","@id":"https:\/\/signal-fc.ch\/actualites\/la-section-feminine-du-signal-fc-bernex-confignon-a-fait-un-don-a-humberto-lopes\/#article","isPartOf":{"@id":"https:\/\/signal-fc.ch\/actualites\/la-section-feminine-du-signal-fc-bernex-confignon-a-fait-un-don-a-humberto-lopes\/"},"author":{"name":"Manu Lopez","@id":"https:\/\/signal-fc.ch\/#\/schema\/person\/e79cba69a7c986c7613b14f454a7456f"},"headline":"La section f\u00e9minine du Signal FC Bernex-Confignon a fait un don \u00e0 Humberto Lopes","datePublished":"2022-03-28T12:49:44+00:00","dateModified":"2022-03-28T12:51:05+00:00","mainEntityOfPage":{"@id":"https:\/\/signal-fc.ch\/actualites\/la-section-feminine-du-signal-fc-bernex-confignon-a-fait-un-don-a-humberto-lopes\/"},"wordCount":210,"commentCount":0,"publisher":{"@id":"https:\/\/signal-fc.ch\/#organization"},"image":{"@id":"https:\/\/signal-fc.ch\/actualites\/la-section-feminine-du-signal-fc-bernex-confignon-a-fait-un-don-a-humberto-lopes\/#primaryimage"},"thumbnailUrl":"https:\/\/signal-fc.ch\/wp-content\/uploads\/2022\/03\/Maillots-Africa09.jpg","articleSection":["Actualit\u00e9s"],"inLanguage":"fr-FR","potentialAction":[{"@type":"CommentAction","name":"Comment","target":["https:\/\/signal-fc.ch\/actualites\/la-section-feminine-du-signal-fc-bernex-confignon-a-fait-un-don-a-humberto-lopes\/#respond"]}]},{"@type":"WebPage","@id":"https:\/\/signal-fc.ch\/actualites\/la-section-feminine-du-signal-fc-bernex-confignon-a-fait-un-don-a-humberto-lopes\/","url":"https:\/\/signal-fc.ch\/actualites\/la-section-feminine-du-signal-fc-bernex-confignon-a-fait-un-don-a-humberto-lopes\/","name":"La section f\u00e9minine du Signal FC Bernex-Confignon a fait un don \u00e0 Humberto Lopes - Signal FC","isPartOf":{"@id":"https:\/\/signal-fc.ch\/#website"},"primaryImageOfPage":{"@id":"https:\/\/signal-fc.ch\/actualites\/la-section-feminine-du-signal-fc-bernex-confignon-a-fait-un-don-a-humberto-lopes\/#primaryimage"},"image":{"@id":"https:\/\/signal-fc.ch\/actualites\/la-section-feminine-du-signal-fc-bernex-confignon-a-fait-un-don-a-humberto-lopes\/#primaryimage"},"thumbnailUrl":"https:\/\/signal-fc.ch\/wp-content\/uploads\/2022\/03\/Maillots-Africa09.jpg","datePublished":"2022-03-28T12:49:44+00:00","dateModified":"2022-03-28T12:51:05+00:00","breadcrumb":{"@id":"https:\/\/signal-fc.ch\/actualites\/la-section-feminine-du-signal-fc-bernex-confignon-a-fait-un-don-a-humberto-lopes\/#breadcrumb"},"inLanguage":"fr-FR","potentialAction":[{"@type":"ReadAction","target":["https:\/\/signal-fc.ch\/actualites\/la-section-feminine-du-signal-fc-bernex-confignon-a-fait-un-don-a-humberto-lopes\/"]}]},{"@type":"ImageObject","inLanguage":"fr-FR","@id":"https:\/\/signal-fc.ch\/actualites\/la-section-feminine-du-signal-fc-bernex-confignon-a-fait-un-don-a-humberto-lopes\/#primaryimage","url":"https:\/\/signal-fc.ch\/wp-content\/uploads\/2022\/03\/Maillots-Africa09.jpg","contentUrl":"https:\/\/signal-fc.ch\/wp-content\/uploads\/2022\/03\/Maillots-Africa09.jpg","width":1040,"height":780},{"@type":"BreadcrumbList","@id":"https:\/\/signal-fc.ch\/actualites\/la-section-feminine-du-signal-fc-bernex-confignon-a-fait-un-don-a-humberto-lopes\/#breadcrumb","itemListElement":[{"@type":"ListItem","position":1,"name":"Accueil","item":"https:\/\/signal-fc.ch\/"},{"@type":"ListItem","position":2,"name":"La section f\u00e9minine du Signal FC Bernex-Confignon a fait un don \u00e0 Humberto Lopes"}]},{"@type":"WebSite","@id":"https:\/\/signal-fc.ch\/#website","url":"https:\/\/signal-fc.ch\/","name":"Signal FC Bernex-Confignon","description":"\u00c9cole de Foot \u00e0 Bernex","publisher":{"@id":"https:\/\/signal-fc.ch\/#organization"},"potentialAction":[{"@type":"SearchAction","target":{"@type":"EntryPoint","urlTemplate":"https:\/\/signal-fc.ch\/?s={search_term_string}"},"query-input":{"@type":"PropertyValueSpecification","valueRequired":true,"valueName":"search_term_string"}}],"inLanguage":"fr-FR"},{"@type":"Organization","@id":"https:\/\/signal-fc.ch\/#organization","name":"Signal FC Bernex-Confignon","url":"https:\/\/signal-fc.ch\/","logo":{"@type":"ImageObject","inLanguage":"fr-FR","@id":"https:\/\/signal-fc.ch\/#\/schema\/logo\/image\/","url":"https:\/\/signal-fc.ch\/wp-content\/uploads\/2018\/06\/cropped-signal-fc-logo_h.png","contentUrl":"https:\/\/signal-fc.ch\/wp-content\/uploads\/2018\/06\/cropped-signal-fc-logo_h.png","width":512,"height":512,"caption":"Signal FC Bernex-Confignon"},"image":{"@id":"https:\/\/signal-fc.ch\/#\/schema\/logo\/image\/"},"sameAs":["https:\/\/www.facebook.com\/signalfc.ch"]},{"@type":"Person","@id":"https:\/\/signal-fc.ch\/#\/schema\/person\/e79cba69a7c986c7613b14f454a7456f","name":"Manu Lopez","image":{"@type":"ImageObject","inLanguage":"fr-FR","@id":"https:\/\/secure.gravatar.com\/avatar\/d5f16101c11df02dad7afd8dcd4a5e43a95d88969758c7ea8c462ca6800ab3a1?s=96&d=mm&r=g","url":"https:\/\/secure.gravatar.com\/avatar\/d5f16101c11df02dad7afd8dcd4a5e43a95d88969758c7ea8c462ca6800ab3a1?s=96&d=mm&r=g","contentUrl":"https:\/\/secure.gravatar.com\/avatar\/d5f16101c11df02dad7afd8dcd4a5e43a95d88969758c7ea8c462ca6800ab3a1?s=96&d=mm&r=g","caption":"Manu Lopez"}}]}},"publishpress_future_action":{"enabled":false,"date":"2026-05-07 18:34:44","action":"change-status","newStatus":"draft","terms":[],"taxonomy":"category","extraData":[]},"publishpress_future_workflow_manual_trigger":{"enabledWorkflows":[]},"_links":{"self":[{"href":"https:\/\/signal-fc.ch\/json\/wp\/v2\/posts\/25370","targetHints":{"allow":["GET"]}}],"collection":[{"href":"https:\/\/signal-fc.ch\/json\/wp\/v2\/posts"}],"about":[{"href":"https:\/\/signal-fc.ch\/json\/wp\/v2\/types\/post"}],"author":[{"embeddable":true,"href":"https:\/\/signal-fc.ch\/json\/wp\/v2\/users\/2"}],"replies":[{"embeddable":true,"href":"https:\/\/signal-fc.ch\/json\/wp\/v2\/comments?post=25370"}],"version-history":[{"count":0,"href":"https:\/\/signal-fc.ch\/json\/wp\/v2\/posts\/25370\/revisions"}],"wp:featuredmedia":[{"embeddable":true,"href":"https:\/\/signal-fc.ch\/json\/wp\/v2\/media\/25376"}],"wp:attachment":[{"href":"https:\/\/signal-fc.ch\/json\/wp\/v2\/media?parent=25370"}],"wp:term":[{"taxonomy":"category","embeddable":true,"href":"https:\/\/signal-fc.ch\/json\/wp\/v2\/categories?post=25370"},{"taxonomy":"post_tag","embeddable":true,"href":"https:\/\/signal-fc.ch\/json\/wp\/v2\/tags?post=25370"}],"curies":[{"name":"wp","href":"https:\/\/api.w.org\/{rel}","templated":true}]}}