{"id":25359,"date":"2022-02-13T09:25:41","date_gmt":"2022-02-13T08:25:41","guid":{"rendered":"https:\/\/signal-fc.ch\/?p=25359"},"modified":"2022-05-09T12:24:46","modified_gmt":"2022-05-09T10:24:46","slug":"repas-de-soutien-di-signal-fc","status":"publish","type":"post","link":"https:\/\/signal-fc.ch\/actualites\/repas-de-soutien-di-signal-fc\/","title":{"rendered":"Repas de soutien du Signal FC 2022"},"content":{"rendered":"<h3>Madame, Monsieur, Chers Amis du Signal,<\/h3>\n<h3>Apr\u00e8s ces deux ann\u00e9es particuli\u00e8res, nous avons enfin le plaisir de vous inviter \u00e0 participer \u00e0 notre traditionnel repas de soutien qqui se d\u00e9roulera le :<\/h3>\n<h2 style=\"text-align: center;\"><strong>vendredi 29 avril 2022\u00a0<\/strong><\/h2>\n<h2 style=\"text-align: center;\"><strong>\u00e0 la salle communale de Confignon<\/strong><\/h2>\n<h3>Nous vous attendrons d\u00e8s 11h30 pour l&rsquo;ap\u00e9ritif, qui sera suivi d&rsquo;un d\u00e9licieux repas concoct\u00e9 par notre ami Gislain Genecand, au cours duquel vous aurez la possibilit\u00e9 de participer \u00e0 notre tombola qui proposera de nombreux lots dont une montre Baume &amp; Mercier.<\/h3>\n<h3>Pour vous inscrire, nous vous remercions de bien vouloir nous retourner le bulletin d&rsquo;inscription ci-joint, par mail ou courrier.<\/h3>\n<h3>Merci de bien vouloir r\u00e9gler vos repas (CHF.150.- par personne, hors boisson) aupr\u00e8s de notre compte Raiffeisen Gen\u00e8ve-Rh\u00f4ne &#8211; 1233 Bernex &#8211; IBAN CH 35 8080 8006 2416\u00a0 5246 0 (en faveur du Signal FC Bernex-Confignon &#8211; 1233 Bernex).<\/h3>\n<h3>Dans l&rsquo;attente du plaisir de vous retrouver lors de cet \u00e9v\u00e9nement incontournable de notre club, nous vous pr\u00e9sentons, Madame, Monsieur, Chers Amis du SIgnal, nos salutations amicales et sportives.<\/h3>\n<h1><a href=\"https:\/\/signal-fc.ch\/wp-content\/uploads\/2022\/03\/20220317122741179.pdf\">COUPON REPONSE <\/a><\/h1>\n","protected":false},"excerpt":{"rendered":"<p>Madame, Monsieur, Chers Amis du Signal, Apr\u00e8s ces deux ann\u00e9es particuli\u00e8res, nous avons enfin le plaisir de vous inviter \u00e0 participer \u00e0 notre traditionnel repas de soutien qqui se d\u00e9roulera le : vendredi 29 avril 2022\u00a0 \u00e0 la salle communale de Confignon Nous vous attendrons d\u00e8s 11h30 pour l&rsquo;ap\u00e9ritif, qui sera suivi d&rsquo;un d\u00e9licieux repas&hellip;<\/p>\n","protected":false},"author":2,"featured_media":25360,"comment_status":"open","ping_status":"open","sticky":false,"template":"","format":"standard","meta":{"footnotes":""},"categories":[21],"tags":[],"class_list":["post-25359","post","type-post","status-publish","format-standard","has-post-thumbnail","hentry","category-actualites"],"yoast_head":"<!-- This site is optimized with the Yoast SEO plugin v27.5 - https:\/\/yoast.com\/product\/yoast-seo-wordpress\/ -->\n<title>Repas de soutien du Signal FC 2022 - Signal FC<\/title>\n<meta name=\"robots\" content=\"index, follow, max-snippet:-1, max-image-preview:large, max-video-preview:-1\" \/>\n<link rel=\"canonical\" href=\"https:\/\/signal-fc.ch\/actualites\/repas-de-soutien-di-signal-fc\/\" \/>\n<meta property=\"og:locale\" content=\"fr_FR\" \/>\n<meta property=\"og:type\" content=\"article\" \/>\n<meta property=\"og:title\" content=\"Repas de soutien du Signal FC 2022 - Signal FC\" \/>\n<meta property=\"og:description\" content=\"Madame, Monsieur, Chers Amis du Signal, Apr\u00e8s ces deux ann\u00e9es particuli\u00e8res, nous avons enfin le plaisir de vous inviter \u00e0 participer \u00e0 notre traditionnel repas de soutien qqui se d\u00e9roulera le : vendredi 29 avril 2022\u00a0 \u00e0 la salle communale de Confignon Nous vous attendrons d\u00e8s 11h30 pour l&rsquo;ap\u00e9ritif, qui sera suivi d&rsquo;un d\u00e9licieux repas&hellip;\" \/>\n<meta property=\"og:url\" content=\"https:\/\/signal-fc.ch\/actualites\/repas-de-soutien-di-signal-fc\/\" \/>\n<meta property=\"og:site_name\" content=\"Signal FC\" \/>\n<meta property=\"article:publisher\" content=\"https:\/\/www.facebook.com\/signalfc.ch\" \/>\n<meta property=\"article:published_time\" content=\"2022-02-13T08:25:41+00:00\" \/>\n<meta property=\"article:modified_time\" content=\"2022-05-09T10:24:46+00:00\" \/>\n<meta property=\"og:image\" content=\"https:\/\/signal-fc.ch\/wp-content\/uploads\/2022\/03\/Repas-de-soutien-2019-79-scaled.jpg\" \/>\n\t<meta property=\"og:image:width\" content=\"2560\" \/>\n\t<meta property=\"og:image:height\" content=\"1332\" \/>\n\t<meta property=\"og:image:type\" content=\"image\/jpeg\" \/>\n<meta name=\"author\" content=\"Manu Lopez\" \/>\n<meta name=\"twitter:card\" content=\"summary_large_image\" \/>\n<meta name=\"twitter:label1\" content=\"\u00c9crit par\" \/>\n\t<meta name=\"twitter:data1\" content=\"Manu Lopez\" \/>\n\t<meta name=\"twitter:label2\" content=\"Dur\u00e9e de lecture estim\u00e9e\" \/>\n\t<meta name=\"twitter:data2\" content=\"1 minute\" \/>\n<script type=\"application\/ld+json\" class=\"yoast-schema-graph\">{\"@context\":\"https:\\\/\\\/schema.org\",\"@graph\":[{\"@type\":\"Article\",\"@id\":\"https:\\\/\\\/signal-fc.ch\\\/actualites\\\/repas-de-soutien-di-signal-fc\\\/#article\",\"isPartOf\":{\"@id\":\"https:\\\/\\\/signal-fc.ch\\\/actualites\\\/repas-de-soutien-di-signal-fc\\\/\"},\"author\":{\"name\":\"Manu Lopez\",\"@id\":\"https:\\\/\\\/signal-fc.ch\\\/#\\\/schema\\\/person\\\/e79cba69a7c986c7613b14f454a7456f\"},\"headline\":\"Repas de soutien du Signal FC 2022\",\"datePublished\":\"2022-02-13T08:25:41+00:00\",\"dateModified\":\"2022-05-09T10:24:46+00:00\",\"mainEntityOfPage\":{\"@id\":\"https:\\\/\\\/signal-fc.ch\\\/actualites\\\/repas-de-soutien-di-signal-fc\\\/\"},\"wordCount\":182,\"commentCount\":0,\"publisher\":{\"@id\":\"https:\\\/\\\/signal-fc.ch\\\/#organization\"},\"image\":{\"@id\":\"https:\\\/\\\/signal-fc.ch\\\/actualites\\\/repas-de-soutien-di-signal-fc\\\/#primaryimage\"},\"thumbnailUrl\":\"https:\\\/\\\/signal-fc.ch\\\/wp-content\\\/uploads\\\/2022\\\/03\\\/Repas-de-soutien-2019-79-scaled.jpg\",\"articleSection\":[\"Actualit\u00e9s\"],\"inLanguage\":\"fr-FR\",\"potentialAction\":[{\"@type\":\"CommentAction\",\"name\":\"Comment\",\"target\":[\"https:\\\/\\\/signal-fc.ch\\\/actualites\\\/repas-de-soutien-di-signal-fc\\\/#respond\"]}]},{\"@type\":\"WebPage\",\"@id\":\"https:\\\/\\\/signal-fc.ch\\\/actualites\\\/repas-de-soutien-di-signal-fc\\\/\",\"url\":\"https:\\\/\\\/signal-fc.ch\\\/actualites\\\/repas-de-soutien-di-signal-fc\\\/\",\"name\":\"Repas de soutien du Signal FC 2022 - Signal FC\",\"isPartOf\":{\"@id\":\"https:\\\/\\\/signal-fc.ch\\\/#website\"},\"primaryImageOfPage\":{\"@id\":\"https:\\\/\\\/signal-fc.ch\\\/actualites\\\/repas-de-soutien-di-signal-fc\\\/#primaryimage\"},\"image\":{\"@id\":\"https:\\\/\\\/signal-fc.ch\\\/actualites\\\/repas-de-soutien-di-signal-fc\\\/#primaryimage\"},\"thumbnailUrl\":\"https:\\\/\\\/signal-fc.ch\\\/wp-content\\\/uploads\\\/2022\\\/03\\\/Repas-de-soutien-2019-79-scaled.jpg\",\"datePublished\":\"2022-02-13T08:25:41+00:00\",\"dateModified\":\"2022-05-09T10:24:46+00:00\",\"breadcrumb\":{\"@id\":\"https:\\\/\\\/signal-fc.ch\\\/actualites\\\/repas-de-soutien-di-signal-fc\\\/#breadcrumb\"},\"inLanguage\":\"fr-FR\",\"potentialAction\":[{\"@type\":\"ReadAction\",\"target\":[\"https:\\\/\\\/signal-fc.ch\\\/actualites\\\/repas-de-soutien-di-signal-fc\\\/\"]}]},{\"@type\":\"ImageObject\",\"inLanguage\":\"fr-FR\",\"@id\":\"https:\\\/\\\/signal-fc.ch\\\/actualites\\\/repas-de-soutien-di-signal-fc\\\/#primaryimage\",\"url\":\"https:\\\/\\\/signal-fc.ch\\\/wp-content\\\/uploads\\\/2022\\\/03\\\/Repas-de-soutien-2019-79-scaled.jpg\",\"contentUrl\":\"https:\\\/\\\/signal-fc.ch\\\/wp-content\\\/uploads\\\/2022\\\/03\\\/Repas-de-soutien-2019-79-scaled.jpg\",\"width\":2560,\"height\":1332},{\"@type\":\"BreadcrumbList\",\"@id\":\"https:\\\/\\\/signal-fc.ch\\\/actualites\\\/repas-de-soutien-di-signal-fc\\\/#breadcrumb\",\"itemListElement\":[{\"@type\":\"ListItem\",\"position\":1,\"name\":\"Accueil\",\"item\":\"https:\\\/\\\/signal-fc.ch\\\/\"},{\"@type\":\"ListItem\",\"position\":2,\"name\":\"Repas de soutien du Signal FC 2022\"}]},{\"@type\":\"WebSite\",\"@id\":\"https:\\\/\\\/signal-fc.ch\\\/#website\",\"url\":\"https:\\\/\\\/signal-fc.ch\\\/\",\"name\":\"Signal FC Bernex-Confignon\",\"description\":\"\u00c9cole de Foot \u00e0 Bernex\",\"publisher\":{\"@id\":\"https:\\\/\\\/signal-fc.ch\\\/#organization\"},\"potentialAction\":[{\"@type\":\"SearchAction\",\"target\":{\"@type\":\"EntryPoint\",\"urlTemplate\":\"https:\\\/\\\/signal-fc.ch\\\/?s={search_term_string}\"},\"query-input\":{\"@type\":\"PropertyValueSpecification\",\"valueRequired\":true,\"valueName\":\"search_term_string\"}}],\"inLanguage\":\"fr-FR\"},{\"@type\":\"Organization\",\"@id\":\"https:\\\/\\\/signal-fc.ch\\\/#organization\",\"name\":\"Signal FC Bernex-Confignon\",\"url\":\"https:\\\/\\\/signal-fc.ch\\\/\",\"logo\":{\"@type\":\"ImageObject\",\"inLanguage\":\"fr-FR\",\"@id\":\"https:\\\/\\\/signal-fc.ch\\\/#\\\/schema\\\/logo\\\/image\\\/\",\"url\":\"https:\\\/\\\/signal-fc.ch\\\/wp-content\\\/uploads\\\/2018\\\/06\\\/cropped-signal-fc-logo_h.png\",\"contentUrl\":\"https:\\\/\\\/signal-fc.ch\\\/wp-content\\\/uploads\\\/2018\\\/06\\\/cropped-signal-fc-logo_h.png\",\"width\":512,\"height\":512,\"caption\":\"Signal FC Bernex-Confignon\"},\"image\":{\"@id\":\"https:\\\/\\\/signal-fc.ch\\\/#\\\/schema\\\/logo\\\/image\\\/\"},\"sameAs\":[\"https:\\\/\\\/www.facebook.com\\\/signalfc.ch\"]},{\"@type\":\"Person\",\"@id\":\"https:\\\/\\\/signal-fc.ch\\\/#\\\/schema\\\/person\\\/e79cba69a7c986c7613b14f454a7456f\",\"name\":\"Manu Lopez\",\"image\":{\"@type\":\"ImageObject\",\"inLanguage\":\"fr-FR\",\"@id\":\"https:\\\/\\\/secure.gravatar.com\\\/avatar\\\/d5f16101c11df02dad7afd8dcd4a5e43a95d88969758c7ea8c462ca6800ab3a1?s=96&d=mm&r=g\",\"url\":\"https:\\\/\\\/secure.gravatar.com\\\/avatar\\\/d5f16101c11df02dad7afd8dcd4a5e43a95d88969758c7ea8c462ca6800ab3a1?s=96&d=mm&r=g\",\"contentUrl\":\"https:\\\/\\\/secure.gravatar.com\\\/avatar\\\/d5f16101c11df02dad7afd8dcd4a5e43a95d88969758c7ea8c462ca6800ab3a1?s=96&d=mm&r=g\",\"caption\":\"Manu Lopez\"}}]}<\/script>\n<!-- \/ Yoast SEO plugin. -->","yoast_head_json":{"title":"Repas de soutien du Signal FC 2022 - Signal FC","robots":{"index":"index","follow":"follow","max-snippet":"max-snippet:-1","max-image-preview":"max-image-preview:large","max-video-preview":"max-video-preview:-1"},"canonical":"https:\/\/signal-fc.ch\/actualites\/repas-de-soutien-di-signal-fc\/","og_locale":"fr_FR","og_type":"article","og_title":"Repas de soutien du Signal FC 2022 - Signal FC","og_description":"Madame, Monsieur, Chers Amis du Signal, Apr\u00e8s ces deux ann\u00e9es particuli\u00e8res, nous avons enfin le plaisir de vous inviter \u00e0 participer \u00e0 notre traditionnel repas de soutien qqui se d\u00e9roulera le : vendredi 29 avril 2022\u00a0 \u00e0 la salle communale de Confignon Nous vous attendrons d\u00e8s 11h30 pour l&rsquo;ap\u00e9ritif, qui sera suivi d&rsquo;un d\u00e9licieux repas&hellip;","og_url":"https:\/\/signal-fc.ch\/actualites\/repas-de-soutien-di-signal-fc\/","og_site_name":"Signal FC","article_publisher":"https:\/\/www.facebook.com\/signalfc.ch","article_published_time":"2022-02-13T08:25:41+00:00","article_modified_time":"2022-05-09T10:24:46+00:00","og_image":[{"width":2560,"height":1332,"url":"https:\/\/signal-fc.ch\/wp-content\/uploads\/2022\/03\/Repas-de-soutien-2019-79-scaled.jpg","type":"image\/jpeg"}],"author":"Manu Lopez","twitter_card":"summary_large_image","twitter_misc":{"\u00c9crit par":"Manu Lopez","Dur\u00e9e de lecture estim\u00e9e":"1 minute"},"schema":{"@context":"https:\/\/schema.org","@graph":[{"@type":"Article","@id":"https:\/\/signal-fc.ch\/actualites\/repas-de-soutien-di-signal-fc\/#article","isPartOf":{"@id":"https:\/\/signal-fc.ch\/actualites\/repas-de-soutien-di-signal-fc\/"},"author":{"name":"Manu Lopez","@id":"https:\/\/signal-fc.ch\/#\/schema\/person\/e79cba69a7c986c7613b14f454a7456f"},"headline":"Repas de soutien du Signal FC 2022","datePublished":"2022-02-13T08:25:41+00:00","dateModified":"2022-05-09T10:24:46+00:00","mainEntityOfPage":{"@id":"https:\/\/signal-fc.ch\/actualites\/repas-de-soutien-di-signal-fc\/"},"wordCount":182,"commentCount":0,"publisher":{"@id":"https:\/\/signal-fc.ch\/#organization"},"image":{"@id":"https:\/\/signal-fc.ch\/actualites\/repas-de-soutien-di-signal-fc\/#primaryimage"},"thumbnailUrl":"https:\/\/signal-fc.ch\/wp-content\/uploads\/2022\/03\/Repas-de-soutien-2019-79-scaled.jpg","articleSection":["Actualit\u00e9s"],"inLanguage":"fr-FR","potentialAction":[{"@type":"CommentAction","name":"Comment","target":["https:\/\/signal-fc.ch\/actualites\/repas-de-soutien-di-signal-fc\/#respond"]}]},{"@type":"WebPage","@id":"https:\/\/signal-fc.ch\/actualites\/repas-de-soutien-di-signal-fc\/","url":"https:\/\/signal-fc.ch\/actualites\/repas-de-soutien-di-signal-fc\/","name":"Repas de soutien du Signal FC 2022 - Signal FC","isPartOf":{"@id":"https:\/\/signal-fc.ch\/#website"},"primaryImageOfPage":{"@id":"https:\/\/signal-fc.ch\/actualites\/repas-de-soutien-di-signal-fc\/#primaryimage"},"image":{"@id":"https:\/\/signal-fc.ch\/actualites\/repas-de-soutien-di-signal-fc\/#primaryimage"},"thumbnailUrl":"https:\/\/signal-fc.ch\/wp-content\/uploads\/2022\/03\/Repas-de-soutien-2019-79-scaled.jpg","datePublished":"2022-02-13T08:25:41+00:00","dateModified":"2022-05-09T10:24:46+00:00","breadcrumb":{"@id":"https:\/\/signal-fc.ch\/actualites\/repas-de-soutien-di-signal-fc\/#breadcrumb"},"inLanguage":"fr-FR","potentialAction":[{"@type":"ReadAction","target":["https:\/\/signal-fc.ch\/actualites\/repas-de-soutien-di-signal-fc\/"]}]},{"@type":"ImageObject","inLanguage":"fr-FR","@id":"https:\/\/signal-fc.ch\/actualites\/repas-de-soutien-di-signal-fc\/#primaryimage","url":"https:\/\/signal-fc.ch\/wp-content\/uploads\/2022\/03\/Repas-de-soutien-2019-79-scaled.jpg","contentUrl":"https:\/\/signal-fc.ch\/wp-content\/uploads\/2022\/03\/Repas-de-soutien-2019-79-scaled.jpg","width":2560,"height":1332},{"@type":"BreadcrumbList","@id":"https:\/\/signal-fc.ch\/actualites\/repas-de-soutien-di-signal-fc\/#breadcrumb","itemListElement":[{"@type":"ListItem","position":1,"name":"Accueil","item":"https:\/\/signal-fc.ch\/"},{"@type":"ListItem","position":2,"name":"Repas de soutien du Signal FC 2022"}]},{"@type":"WebSite","@id":"https:\/\/signal-fc.ch\/#website","url":"https:\/\/signal-fc.ch\/","name":"Signal FC Bernex-Confignon","description":"\u00c9cole de Foot \u00e0 Bernex","publisher":{"@id":"https:\/\/signal-fc.ch\/#organization"},"potentialAction":[{"@type":"SearchAction","target":{"@type":"EntryPoint","urlTemplate":"https:\/\/signal-fc.ch\/?s={search_term_string}"},"query-input":{"@type":"PropertyValueSpecification","valueRequired":true,"valueName":"search_term_string"}}],"inLanguage":"fr-FR"},{"@type":"Organization","@id":"https:\/\/signal-fc.ch\/#organization","name":"Signal FC Bernex-Confignon","url":"https:\/\/signal-fc.ch\/","logo":{"@type":"ImageObject","inLanguage":"fr-FR","@id":"https:\/\/signal-fc.ch\/#\/schema\/logo\/image\/","url":"https:\/\/signal-fc.ch\/wp-content\/uploads\/2018\/06\/cropped-signal-fc-logo_h.png","contentUrl":"https:\/\/signal-fc.ch\/wp-content\/uploads\/2018\/06\/cropped-signal-fc-logo_h.png","width":512,"height":512,"caption":"Signal FC Bernex-Confignon"},"image":{"@id":"https:\/\/signal-fc.ch\/#\/schema\/logo\/image\/"},"sameAs":["https:\/\/www.facebook.com\/signalfc.ch"]},{"@type":"Person","@id":"https:\/\/signal-fc.ch\/#\/schema\/person\/e79cba69a7c986c7613b14f454a7456f","name":"Manu Lopez","image":{"@type":"ImageObject","inLanguage":"fr-FR","@id":"https:\/\/secure.gravatar.com\/avatar\/d5f16101c11df02dad7afd8dcd4a5e43a95d88969758c7ea8c462ca6800ab3a1?s=96&d=mm&r=g","url":"https:\/\/secure.gravatar.com\/avatar\/d5f16101c11df02dad7afd8dcd4a5e43a95d88969758c7ea8c462ca6800ab3a1?s=96&d=mm&r=g","contentUrl":"https:\/\/secure.gravatar.com\/avatar\/d5f16101c11df02dad7afd8dcd4a5e43a95d88969758c7ea8c462ca6800ab3a1?s=96&d=mm&r=g","caption":"Manu Lopez"}}]}},"publishpress_future_action":{"enabled":false,"date":"2026-05-07 13:45:28","action":"change-status","newStatus":"draft","terms":[],"taxonomy":"category","extraData":[]},"publishpress_future_workflow_manual_trigger":{"enabledWorkflows":[]},"_links":{"self":[{"href":"https:\/\/signal-fc.ch\/json\/wp\/v2\/posts\/25359","targetHints":{"allow":["GET"]}}],"collection":[{"href":"https:\/\/signal-fc.ch\/json\/wp\/v2\/posts"}],"about":[{"href":"https:\/\/signal-fc.ch\/json\/wp\/v2\/types\/post"}],"author":[{"embeddable":true,"href":"https:\/\/signal-fc.ch\/json\/wp\/v2\/users\/2"}],"replies":[{"embeddable":true,"href":"https:\/\/signal-fc.ch\/json\/wp\/v2\/comments?post=25359"}],"version-history":[{"count":0,"href":"https:\/\/signal-fc.ch\/json\/wp\/v2\/posts\/25359\/revisions"}],"wp:featuredmedia":[{"embeddable":true,"href":"https:\/\/signal-fc.ch\/json\/wp\/v2\/media\/25360"}],"wp:attachment":[{"href":"https:\/\/signal-fc.ch\/json\/wp\/v2\/media?parent=25359"}],"wp:term":[{"taxonomy":"category","embeddable":true,"href":"https:\/\/signal-fc.ch\/json\/wp\/v2\/categories?post=25359"},{"taxonomy":"post_tag","embeddable":true,"href":"https:\/\/signal-fc.ch\/json\/wp\/v2\/tags?post=25359"}],"curies":[{"name":"wp","href":"https:\/\/api.w.org\/{rel}","templated":true}]}}