{"id":25349,"date":"2022-02-28T15:07:39","date_gmt":"2022-02-28T14:07:39","guid":{"rendered":"https:\/\/signal-fc.ch\/?p=25349"},"modified":"2022-02-28T15:09:05","modified_gmt":"2022-02-28T14:09:05","slug":"presentation-dun-de-nos-entraineurs-du-nom-de-corentin-magnin-qui-soccupe-de-notre-equipe-de-juniors-c2","status":"publish","type":"post","link":"https:\/\/signal-fc.ch\/actualites\/presentation-dun-de-nos-entraineurs-du-nom-de-corentin-magnin-qui-soccupe-de-notre-equipe-de-juniors-c2\/","title":{"rendered":"Pr\u00e9sentation d&rsquo;un de nos entra\u00eeneurs, du nom de Corentin Magnin qui s&rsquo;occupe de notre \u00e9quipe de juniors C2."},"content":{"rendered":"<p><img decoding=\"async\" class=\"size-full wp-image-25354 aligncenter\" src=\"https:\/\/signal-fc.ch\/wp-content\/uploads\/2022\/02\/MagninCorrentin_03.jpg\" alt=\"\" width=\"300\" height=\"199\" \/><\/p>\n<p><strong>Cette semaine, nouvelle pr\u00e9sentation d&rsquo;un de nos entra\u00eeneurs, du nom de Corentin Magnin qui s&rsquo;occupe de notre \u00e9quipe de juniors C2.\u00a0Apr\u00e8s plusieurs ann\u00e9es en duo, tant avec Yannis Vidakovic ou Pierre-Yves Malagoli, le voici qui se lance en solo pour diriger la deuxi\u00e8me \u00e9quipe<\/strong><\/p>\n<p><strong>de la cat\u00e9gorie C. Un challenge puisqu&rsquo;il s&rsquo;agit de pr\u00e9parer ces jeunes pour aller se frotter aux C Inter la saison prochaine, en cas de maintien, ce qui\u00a0semble est possible \u00e0 l&rsquo;aube du second tour. Corentin, aussi connu sous le nom de Coco, est tr\u00e8s souvent au stade, soit pour discuter de sa passion du ballon\u00a0rond avec ses pairs, ou observer des s\u00e9ances ou matchs d&rsquo;autres \u00e9quipes afin de trouver de l&rsquo;inspiration, et parfois aussi pour profiter de boire un\u00a0verre avec les habitu\u00e9s de la buvette.<\/strong><\/p>\n<p><strong>Apr\u00e8s une premi\u00e8re partie de saison compliqu\u00e9e, mais qui a vu l&rsquo;\u00e9quipe peu \u00e0 peu trouver des automatismes et ses marques lors d&rsquo;un match de Coupe \u00e0 suspense,\u00a0face \u00e0 A\u00efre-le-Lignon qui s&rsquo;est termin\u00e9 par une d\u00e9faite aux penalties apr\u00e8s le 24\u00e8me tireur !!! Une deuxi\u00e8me moiti\u00e9 de saison que Corentin et son \u00e9quipe vont\u00a0tenter de d\u00e9montrer tout les qualit\u00e9s qui ont \u00e9t\u00e9 d\u00e9velopp\u00e9es durant la pr\u00e9paration.<\/strong><\/p>\n<p><strong>&#8211; Si ton\/ta meilleur(e) ami(e) devait te pr\u00e9senter, comment penses-tu qu&rsquo;il te pr\u00e9senterait ?<\/strong><\/p>\n<p><strong>Je pense qu&rsquo;il me d\u00e9crirait comme quelqu&rsquo;un de gentil, aimable, souriant et toujours de bonne humeur.<\/strong><\/p>\n<p><strong>&#8211; Quels \u00e9taient tes objectifs pour cette saison 2021-22 ?<\/strong><\/p>\n<p><strong>Tout d&rsquo;abord, l&rsquo;objectif 1er est bien \u00e9videmment la progression de chaque joueur puis ensuite la maintien en 1er degr\u00e9 et aller le plus loin possible en\u00a0coupe genevoise.<\/strong><\/p>\n<p><strong>&#8211; Quand t&rsquo;es venue la passion du ballon rond ?<\/strong><\/p>\n<p><strong>De ma famille bien \u00e9videmment. Mon p\u00e8re par le biais de son boulot de journaliste et fan de foot, mon grand-p\u00e8re comme ancien arbitre pro et de tous mes\u00a0cousins et oncles.<\/strong><\/p>\n<p><strong>&#8211; De tout les clubs adverses que tu as affront\u00e9, lequel t&rsquo;as le plus marqu\u00e9 et pourquoi ?<\/strong><\/p>\n<p><strong>Le club qui m&rsquo;a le plus marqu\u00e9, en tant que coach, est le FC Donzelle. Chaque fois que j&rsquo;y ai eu l&rsquo;opportunit\u00e9 de jouer contre eux,\u00a0 \u00e7a \u00e9t\u00e9 des matchs\u00a0assez serr\u00e9 mais avec une ambiance et une atmosph\u00e8re familiale.<\/strong><\/p>\n<p><strong>&#8211; Sur ton tableau d&rsquo;avant-match, quels mots reviennent souvent durant la saison ?<\/strong><\/p>\n<p><strong>Pers\u00e9v\u00e9rance, ne jamais baisser les bras et jouer pour l&rsquo;\u00e9quipe sont les mots les plus important.<\/strong><\/p>\n<p><img decoding=\"async\" class=\"size-full wp-image-25353 aligncenter\" src=\"https:\/\/signal-fc.ch\/wp-content\/uploads\/2022\/02\/MagninCorrentin_02.jpg\" alt=\"\" width=\"300\" height=\"199\" \/><\/p>\n<p><strong>&#8211; Le Signal FC Bernex-Confignon \u00e0 f\u00eater ses 95 ans, et en 2024 ca sera la 100e, que proposerais-tu comme \u00e9v\u00e9nement \u00e0 organiser ?<\/strong><\/p>\n<p><strong>Un grand tournoi interne, toutes \u00e9quipes du club confondues avec des joueurs de chaque \u00e9quipe pour en former une et pour finir une excellente f\u00eate le soir\u00a0m\u00eame.<\/strong><\/p>\n<p><strong>&#8211; Ronaldo ou Messi et pourquoi ?<\/strong><\/p>\n<p><strong>Ronaldo, car c&rsquo;est un joueur qui bosse comme un acharn\u00e9, en continue et il\u00a0 r\u00e9ussi \u00e0 gagner chaque troph\u00e9e partout ou il joue.<\/strong><\/p>\n<p><strong>&#8211; Alex Morgan ou Ramona Bachmann ?<\/strong><\/p>\n<p><strong>Ramona Bachmann car elle sait si bien repr\u00e9senter la Suisse \u00e0 l&rsquo;\u00e9tranger.<\/strong><\/p>\n<p><strong>&#8211; Sommer ou Neuer ?<\/strong><\/p>\n<p><strong>Sommer car il joue pour la Suisse bien \u00e9videmment et en plus c&rsquo;est un gardien qui sait r\u00e9pondre dans les grands matchs.<\/strong><\/p>\n<p><strong>&#8211; Mbappe ou Kane ?<\/strong><\/p>\n<p><strong>Kane car c&rsquo;est un joueur qui sait \u00eatre pr\u00e9sent pour sont \u00e9quipe, \u00eatre pr\u00e9sent pour la faire gagner pour des matchs clefs et de plus il a bien la t\u00eate sur\u00a0les \u00e9paules.<\/strong><\/p>\n<p><strong>&#8211; Qu&rsquo;est-ce qu&rsquo;il t&rsquo;a marqu\u00e9 le plus durant le dernier EURO qui a lieu ?<\/strong><\/p>\n<p><strong>Bien \u00e9videmment la victoire de la Suisse contre la France au\u00a0 penalty.<\/strong><\/p>\n<p><strong>&#8211; Si tu pouvais demander ton plat pr\u00e9f\u00e9r\u00e9 \u00e0 la buvette, \u00e7a serait ?<\/strong><\/p>\n<p><strong>Un tr\u00e8s bon sandwich \u00e0 la viande.<\/strong><\/p>\n<p><strong>&#8211; Nous avons v\u00e9cu une situation unique suite \u00e0 la pand\u00e9mie du COVID-19, qu&rsquo;as-tu ressenti \u00e0 l&rsquo;annonce des\u00a0mesures prises au niveau du sport et particuli\u00e8rement le football ?<\/strong><\/p>\n<p><strong>J&rsquo;ai eu ce sentiment que je\u00a0 m&rsquo;ennuyais, de ne plus pouvoir faire du foot et que c&rsquo;\u00e9tait long sans ce sport tr\u00e8s sympathique.<\/strong><\/p>\n<p><img decoding=\"async\" class=\"size-full wp-image-25351 aligncenter\" src=\"https:\/\/signal-fc.ch\/wp-content\/uploads\/2022\/02\/MagninCorrentin_00.jpg\" alt=\"\" width=\"197\" height=\"224\" \/><\/p>\n<p><strong>&#8211; Le stade le plus prestigieux que tu as visit\u00e9 ou assister \u00e0 un match ?<\/strong><\/p>\n<p><strong>Le Santiago Bernabeu car je suis un grand fan du R\u00e9al Madrid et de plus j&rsquo;ai eu la chance d&rsquo;avoir pu assister au clasico contre Barcelone.<\/strong><\/p>\n<p><strong>&#8211; Quels entra\u00eeneurs t&rsquo;inspirent le plus niveau tactique ?<\/strong><\/p>\n<p><strong>Ars\u00e8ne Wenger, Zinedine Zidane, Jos\u00e9 Mourinho et Jurgen Klopp.<\/strong><\/p>\n<p><strong>&#8211; Y a-t-il une question que tu aurais aim\u00e9 qu&rsquo;on te pose et donne nous la r\u00e9ponse si oui&#8230;<\/strong><\/p>\n<p><strong>Non rien du tout.<\/strong><\/p>\n<p><img decoding=\"async\" class=\"size-medium wp-image-25350 aligncenter\" src=\"https:\/\/signal-fc.ch\/wp-content\/uploads\/2022\/02\/C2-2021jpg-300x192.jpg\" alt=\"\" width=\"300\" height=\"192\" srcset=\"https:\/\/signal-fc.ch\/wp-content\/uploads\/2022\/02\/C2-2021jpg-300x192.jpg 300w, https:\/\/signal-fc.ch\/wp-content\/uploads\/2022\/02\/C2-2021jpg-1024x655.jpg 1024w, https:\/\/signal-fc.ch\/wp-content\/uploads\/2022\/02\/C2-2021jpg-768x491.jpg 768w, https:\/\/signal-fc.ch\/wp-content\/uploads\/2022\/02\/C2-2021jpg-1536x983.jpg 1536w, https:\/\/signal-fc.ch\/wp-content\/uploads\/2022\/02\/C2-2021jpg.jpg 2048w\" sizes=\"(max-width: 300px) 100vw, 300px\" \/><\/p>\n<p>&nbsp;<\/p>\n<p><strong>Interview r\u00e9alis\u00e9 par Michael Silverman<\/strong><\/p>\n","protected":false},"excerpt":{"rendered":"<p>Cette semaine, nouvelle pr\u00e9sentation d&rsquo;un de nos entra\u00eeneurs, du nom de Corentin Magnin qui s&rsquo;occupe de notre \u00e9quipe de juniors C2.\u00a0Apr\u00e8s plusieurs ann\u00e9es en duo, tant avec Yannis Vidakovic ou Pierre-Yves Malagoli, le voici qui se lance en solo pour diriger la deuxi\u00e8me \u00e9quipe de la cat\u00e9gorie C. Un challenge puisqu&rsquo;il s&rsquo;agit de pr\u00e9parer ces&hellip;<\/p>\n","protected":false},"author":2,"featured_media":25352,"comment_status":"open","ping_status":"open","sticky":false,"template":"","format":"standard","meta":{"footnotes":""},"categories":[21,29],"tags":[],"class_list":["post-25349","post","type-post","status-publish","format-standard","has-post-thumbnail","hentry","category-actualites","category-actualites-de-lequipe-juniors-c2"],"yoast_head":"<!-- This site is optimized with the Yoast SEO plugin v27.5 - https:\/\/yoast.com\/product\/yoast-seo-wordpress\/ -->\n<title>Pr\u00e9sentation d&#039;un de nos entra\u00eeneurs, du nom de Corentin Magnin qui s&#039;occupe de notre \u00e9quipe de juniors C2. - Signal FC<\/title>\n<meta name=\"robots\" content=\"index, follow, max-snippet:-1, max-image-preview:large, max-video-preview:-1\" \/>\n<link rel=\"canonical\" href=\"https:\/\/signal-fc.ch\/actualites\/presentation-dun-de-nos-entraineurs-du-nom-de-corentin-magnin-qui-soccupe-de-notre-equipe-de-juniors-c2\/\" \/>\n<meta property=\"og:locale\" content=\"fr_FR\" \/>\n<meta property=\"og:type\" content=\"article\" \/>\n<meta property=\"og:title\" content=\"Pr\u00e9sentation d&#039;un de nos entra\u00eeneurs, du nom de Corentin Magnin qui s&#039;occupe de notre \u00e9quipe de juniors C2. - Signal FC\" \/>\n<meta property=\"og:description\" content=\"Cette semaine, nouvelle pr\u00e9sentation d&rsquo;un de nos entra\u00eeneurs, du nom de Corentin Magnin qui s&rsquo;occupe de notre \u00e9quipe de juniors C2.\u00a0Apr\u00e8s plusieurs ann\u00e9es en duo, tant avec Yannis Vidakovic ou Pierre-Yves Malagoli, le voici qui se lance en solo pour diriger la deuxi\u00e8me \u00e9quipe de la cat\u00e9gorie C. Un challenge puisqu&rsquo;il s&rsquo;agit de pr\u00e9parer ces&hellip;\" \/>\n<meta property=\"og:url\" content=\"https:\/\/signal-fc.ch\/actualites\/presentation-dun-de-nos-entraineurs-du-nom-de-corentin-magnin-qui-soccupe-de-notre-equipe-de-juniors-c2\/\" \/>\n<meta property=\"og:site_name\" content=\"Signal FC\" \/>\n<meta property=\"article:publisher\" content=\"https:\/\/www.facebook.com\/signalfc.ch\" \/>\n<meta property=\"article:published_time\" content=\"2022-02-28T14:07:39+00:00\" \/>\n<meta property=\"article:modified_time\" content=\"2022-02-28T14:09:05+00:00\" \/>\n<meta property=\"og:image\" content=\"https:\/\/signal-fc.ch\/wp-content\/uploads\/2022\/02\/MagninCorrentin_01.jpg\" \/>\n\t<meta property=\"og:image:width\" content=\"1365\" \/>\n\t<meta property=\"og:image:height\" content=\"2048\" \/>\n\t<meta property=\"og:image:type\" content=\"image\/jpeg\" \/>\n<meta name=\"author\" content=\"Manu Lopez\" \/>\n<meta name=\"twitter:card\" content=\"summary_large_image\" \/>\n<meta name=\"twitter:label1\" content=\"\u00c9crit par\" \/>\n\t<meta name=\"twitter:data1\" content=\"Manu Lopez\" \/>\n\t<meta name=\"twitter:label2\" content=\"Dur\u00e9e de lecture estim\u00e9e\" \/>\n\t<meta name=\"twitter:data2\" content=\"4 minutes\" \/>\n<script type=\"application\/ld+json\" class=\"yoast-schema-graph\">{\"@context\":\"https:\\\/\\\/schema.org\",\"@graph\":[{\"@type\":\"Article\",\"@id\":\"https:\\\/\\\/signal-fc.ch\\\/actualites\\\/presentation-dun-de-nos-entraineurs-du-nom-de-corentin-magnin-qui-soccupe-de-notre-equipe-de-juniors-c2\\\/#article\",\"isPartOf\":{\"@id\":\"https:\\\/\\\/signal-fc.ch\\\/actualites\\\/presentation-dun-de-nos-entraineurs-du-nom-de-corentin-magnin-qui-soccupe-de-notre-equipe-de-juniors-c2\\\/\"},\"author\":{\"name\":\"Manu Lopez\",\"@id\":\"https:\\\/\\\/signal-fc.ch\\\/#\\\/schema\\\/person\\\/e79cba69a7c986c7613b14f454a7456f\"},\"headline\":\"Pr\u00e9sentation d&rsquo;un de nos entra\u00eeneurs, du nom de Corentin Magnin qui s&rsquo;occupe de notre \u00e9quipe de juniors C2.\",\"datePublished\":\"2022-02-28T14:07:39+00:00\",\"dateModified\":\"2022-02-28T14:09:05+00:00\",\"mainEntityOfPage\":{\"@id\":\"https:\\\/\\\/signal-fc.ch\\\/actualites\\\/presentation-dun-de-nos-entraineurs-du-nom-de-corentin-magnin-qui-soccupe-de-notre-equipe-de-juniors-c2\\\/\"},\"wordCount\":839,\"commentCount\":0,\"publisher\":{\"@id\":\"https:\\\/\\\/signal-fc.ch\\\/#organization\"},\"image\":{\"@id\":\"https:\\\/\\\/signal-fc.ch\\\/actualites\\\/presentation-dun-de-nos-entraineurs-du-nom-de-corentin-magnin-qui-soccupe-de-notre-equipe-de-juniors-c2\\\/#primaryimage\"},\"thumbnailUrl\":\"https:\\\/\\\/signal-fc.ch\\\/wp-content\\\/uploads\\\/2022\\\/02\\\/MagninCorrentin_01.jpg\",\"articleSection\":[\"Actualit\u00e9s\",\"Actualit\u00e9s de l'\u00e9quipe Juniors C2\"],\"inLanguage\":\"fr-FR\",\"potentialAction\":[{\"@type\":\"CommentAction\",\"name\":\"Comment\",\"target\":[\"https:\\\/\\\/signal-fc.ch\\\/actualites\\\/presentation-dun-de-nos-entraineurs-du-nom-de-corentin-magnin-qui-soccupe-de-notre-equipe-de-juniors-c2\\\/#respond\"]}]},{\"@type\":\"WebPage\",\"@id\":\"https:\\\/\\\/signal-fc.ch\\\/actualites\\\/presentation-dun-de-nos-entraineurs-du-nom-de-corentin-magnin-qui-soccupe-de-notre-equipe-de-juniors-c2\\\/\",\"url\":\"https:\\\/\\\/signal-fc.ch\\\/actualites\\\/presentation-dun-de-nos-entraineurs-du-nom-de-corentin-magnin-qui-soccupe-de-notre-equipe-de-juniors-c2\\\/\",\"name\":\"Pr\u00e9sentation d'un de nos entra\u00eeneurs, du nom de Corentin Magnin qui s'occupe de notre \u00e9quipe de juniors C2. - Signal FC\",\"isPartOf\":{\"@id\":\"https:\\\/\\\/signal-fc.ch\\\/#website\"},\"primaryImageOfPage\":{\"@id\":\"https:\\\/\\\/signal-fc.ch\\\/actualites\\\/presentation-dun-de-nos-entraineurs-du-nom-de-corentin-magnin-qui-soccupe-de-notre-equipe-de-juniors-c2\\\/#primaryimage\"},\"image\":{\"@id\":\"https:\\\/\\\/signal-fc.ch\\\/actualites\\\/presentation-dun-de-nos-entraineurs-du-nom-de-corentin-magnin-qui-soccupe-de-notre-equipe-de-juniors-c2\\\/#primaryimage\"},\"thumbnailUrl\":\"https:\\\/\\\/signal-fc.ch\\\/wp-content\\\/uploads\\\/2022\\\/02\\\/MagninCorrentin_01.jpg\",\"datePublished\":\"2022-02-28T14:07:39+00:00\",\"dateModified\":\"2022-02-28T14:09:05+00:00\",\"breadcrumb\":{\"@id\":\"https:\\\/\\\/signal-fc.ch\\\/actualites\\\/presentation-dun-de-nos-entraineurs-du-nom-de-corentin-magnin-qui-soccupe-de-notre-equipe-de-juniors-c2\\\/#breadcrumb\"},\"inLanguage\":\"fr-FR\",\"potentialAction\":[{\"@type\":\"ReadAction\",\"target\":[\"https:\\\/\\\/signal-fc.ch\\\/actualites\\\/presentation-dun-de-nos-entraineurs-du-nom-de-corentin-magnin-qui-soccupe-de-notre-equipe-de-juniors-c2\\\/\"]}]},{\"@type\":\"ImageObject\",\"inLanguage\":\"fr-FR\",\"@id\":\"https:\\\/\\\/signal-fc.ch\\\/actualites\\\/presentation-dun-de-nos-entraineurs-du-nom-de-corentin-magnin-qui-soccupe-de-notre-equipe-de-juniors-c2\\\/#primaryimage\",\"url\":\"https:\\\/\\\/signal-fc.ch\\\/wp-content\\\/uploads\\\/2022\\\/02\\\/MagninCorrentin_01.jpg\",\"contentUrl\":\"https:\\\/\\\/signal-fc.ch\\\/wp-content\\\/uploads\\\/2022\\\/02\\\/MagninCorrentin_01.jpg\",\"width\":1365,\"height\":2048},{\"@type\":\"BreadcrumbList\",\"@id\":\"https:\\\/\\\/signal-fc.ch\\\/actualites\\\/presentation-dun-de-nos-entraineurs-du-nom-de-corentin-magnin-qui-soccupe-de-notre-equipe-de-juniors-c2\\\/#breadcrumb\",\"itemListElement\":[{\"@type\":\"ListItem\",\"position\":1,\"name\":\"Accueil\",\"item\":\"https:\\\/\\\/signal-fc.ch\\\/\"},{\"@type\":\"ListItem\",\"position\":2,\"name\":\"Pr\u00e9sentation d&rsquo;un de nos entra\u00eeneurs, du nom de Corentin Magnin qui s&rsquo;occupe de notre \u00e9quipe de juniors C2.\"}]},{\"@type\":\"WebSite\",\"@id\":\"https:\\\/\\\/signal-fc.ch\\\/#website\",\"url\":\"https:\\\/\\\/signal-fc.ch\\\/\",\"name\":\"Signal FC Bernex-Confignon\",\"description\":\"\u00c9cole de Foot \u00e0 Bernex\",\"publisher\":{\"@id\":\"https:\\\/\\\/signal-fc.ch\\\/#organization\"},\"potentialAction\":[{\"@type\":\"SearchAction\",\"target\":{\"@type\":\"EntryPoint\",\"urlTemplate\":\"https:\\\/\\\/signal-fc.ch\\\/?s={search_term_string}\"},\"query-input\":{\"@type\":\"PropertyValueSpecification\",\"valueRequired\":true,\"valueName\":\"search_term_string\"}}],\"inLanguage\":\"fr-FR\"},{\"@type\":\"Organization\",\"@id\":\"https:\\\/\\\/signal-fc.ch\\\/#organization\",\"name\":\"Signal FC Bernex-Confignon\",\"url\":\"https:\\\/\\\/signal-fc.ch\\\/\",\"logo\":{\"@type\":\"ImageObject\",\"inLanguage\":\"fr-FR\",\"@id\":\"https:\\\/\\\/signal-fc.ch\\\/#\\\/schema\\\/logo\\\/image\\\/\",\"url\":\"https:\\\/\\\/signal-fc.ch\\\/wp-content\\\/uploads\\\/2018\\\/06\\\/cropped-signal-fc-logo_h.png\",\"contentUrl\":\"https:\\\/\\\/signal-fc.ch\\\/wp-content\\\/uploads\\\/2018\\\/06\\\/cropped-signal-fc-logo_h.png\",\"width\":512,\"height\":512,\"caption\":\"Signal FC Bernex-Confignon\"},\"image\":{\"@id\":\"https:\\\/\\\/signal-fc.ch\\\/#\\\/schema\\\/logo\\\/image\\\/\"},\"sameAs\":[\"https:\\\/\\\/www.facebook.com\\\/signalfc.ch\"]},{\"@type\":\"Person\",\"@id\":\"https:\\\/\\\/signal-fc.ch\\\/#\\\/schema\\\/person\\\/e79cba69a7c986c7613b14f454a7456f\",\"name\":\"Manu Lopez\",\"image\":{\"@type\":\"ImageObject\",\"inLanguage\":\"fr-FR\",\"@id\":\"https:\\\/\\\/secure.gravatar.com\\\/avatar\\\/d5f16101c11df02dad7afd8dcd4a5e43a95d88969758c7ea8c462ca6800ab3a1?s=96&d=mm&r=g\",\"url\":\"https:\\\/\\\/secure.gravatar.com\\\/avatar\\\/d5f16101c11df02dad7afd8dcd4a5e43a95d88969758c7ea8c462ca6800ab3a1?s=96&d=mm&r=g\",\"contentUrl\":\"https:\\\/\\\/secure.gravatar.com\\\/avatar\\\/d5f16101c11df02dad7afd8dcd4a5e43a95d88969758c7ea8c462ca6800ab3a1?s=96&d=mm&r=g\",\"caption\":\"Manu Lopez\"}}]}<\/script>\n<!-- \/ Yoast SEO plugin. -->","yoast_head_json":{"title":"Pr\u00e9sentation d'un de nos entra\u00eeneurs, du nom de Corentin Magnin qui s'occupe de notre \u00e9quipe de juniors C2. - Signal FC","robots":{"index":"index","follow":"follow","max-snippet":"max-snippet:-1","max-image-preview":"max-image-preview:large","max-video-preview":"max-video-preview:-1"},"canonical":"https:\/\/signal-fc.ch\/actualites\/presentation-dun-de-nos-entraineurs-du-nom-de-corentin-magnin-qui-soccupe-de-notre-equipe-de-juniors-c2\/","og_locale":"fr_FR","og_type":"article","og_title":"Pr\u00e9sentation d'un de nos entra\u00eeneurs, du nom de Corentin Magnin qui s'occupe de notre \u00e9quipe de juniors C2. - Signal FC","og_description":"Cette semaine, nouvelle pr\u00e9sentation d&rsquo;un de nos entra\u00eeneurs, du nom de Corentin Magnin qui s&rsquo;occupe de notre \u00e9quipe de juniors C2.\u00a0Apr\u00e8s plusieurs ann\u00e9es en duo, tant avec Yannis Vidakovic ou Pierre-Yves Malagoli, le voici qui se lance en solo pour diriger la deuxi\u00e8me \u00e9quipe de la cat\u00e9gorie C. Un challenge puisqu&rsquo;il s&rsquo;agit de pr\u00e9parer ces&hellip;","og_url":"https:\/\/signal-fc.ch\/actualites\/presentation-dun-de-nos-entraineurs-du-nom-de-corentin-magnin-qui-soccupe-de-notre-equipe-de-juniors-c2\/","og_site_name":"Signal FC","article_publisher":"https:\/\/www.facebook.com\/signalfc.ch","article_published_time":"2022-02-28T14:07:39+00:00","article_modified_time":"2022-02-28T14:09:05+00:00","og_image":[{"width":1365,"height":2048,"url":"https:\/\/signal-fc.ch\/wp-content\/uploads\/2022\/02\/MagninCorrentin_01.jpg","type":"image\/jpeg"}],"author":"Manu Lopez","twitter_card":"summary_large_image","twitter_misc":{"\u00c9crit par":"Manu Lopez","Dur\u00e9e de lecture estim\u00e9e":"4 minutes"},"schema":{"@context":"https:\/\/schema.org","@graph":[{"@type":"Article","@id":"https:\/\/signal-fc.ch\/actualites\/presentation-dun-de-nos-entraineurs-du-nom-de-corentin-magnin-qui-soccupe-de-notre-equipe-de-juniors-c2\/#article","isPartOf":{"@id":"https:\/\/signal-fc.ch\/actualites\/presentation-dun-de-nos-entraineurs-du-nom-de-corentin-magnin-qui-soccupe-de-notre-equipe-de-juniors-c2\/"},"author":{"name":"Manu Lopez","@id":"https:\/\/signal-fc.ch\/#\/schema\/person\/e79cba69a7c986c7613b14f454a7456f"},"headline":"Pr\u00e9sentation d&rsquo;un de nos entra\u00eeneurs, du nom de Corentin Magnin qui s&rsquo;occupe de notre \u00e9quipe de juniors C2.","datePublished":"2022-02-28T14:07:39+00:00","dateModified":"2022-02-28T14:09:05+00:00","mainEntityOfPage":{"@id":"https:\/\/signal-fc.ch\/actualites\/presentation-dun-de-nos-entraineurs-du-nom-de-corentin-magnin-qui-soccupe-de-notre-equipe-de-juniors-c2\/"},"wordCount":839,"commentCount":0,"publisher":{"@id":"https:\/\/signal-fc.ch\/#organization"},"image":{"@id":"https:\/\/signal-fc.ch\/actualites\/presentation-dun-de-nos-entraineurs-du-nom-de-corentin-magnin-qui-soccupe-de-notre-equipe-de-juniors-c2\/#primaryimage"},"thumbnailUrl":"https:\/\/signal-fc.ch\/wp-content\/uploads\/2022\/02\/MagninCorrentin_01.jpg","articleSection":["Actualit\u00e9s","Actualit\u00e9s de l'\u00e9quipe Juniors C2"],"inLanguage":"fr-FR","potentialAction":[{"@type":"CommentAction","name":"Comment","target":["https:\/\/signal-fc.ch\/actualites\/presentation-dun-de-nos-entraineurs-du-nom-de-corentin-magnin-qui-soccupe-de-notre-equipe-de-juniors-c2\/#respond"]}]},{"@type":"WebPage","@id":"https:\/\/signal-fc.ch\/actualites\/presentation-dun-de-nos-entraineurs-du-nom-de-corentin-magnin-qui-soccupe-de-notre-equipe-de-juniors-c2\/","url":"https:\/\/signal-fc.ch\/actualites\/presentation-dun-de-nos-entraineurs-du-nom-de-corentin-magnin-qui-soccupe-de-notre-equipe-de-juniors-c2\/","name":"Pr\u00e9sentation d'un de nos entra\u00eeneurs, du nom de Corentin Magnin qui s'occupe de notre \u00e9quipe de juniors C2. - Signal FC","isPartOf":{"@id":"https:\/\/signal-fc.ch\/#website"},"primaryImageOfPage":{"@id":"https:\/\/signal-fc.ch\/actualites\/presentation-dun-de-nos-entraineurs-du-nom-de-corentin-magnin-qui-soccupe-de-notre-equipe-de-juniors-c2\/#primaryimage"},"image":{"@id":"https:\/\/signal-fc.ch\/actualites\/presentation-dun-de-nos-entraineurs-du-nom-de-corentin-magnin-qui-soccupe-de-notre-equipe-de-juniors-c2\/#primaryimage"},"thumbnailUrl":"https:\/\/signal-fc.ch\/wp-content\/uploads\/2022\/02\/MagninCorrentin_01.jpg","datePublished":"2022-02-28T14:07:39+00:00","dateModified":"2022-02-28T14:09:05+00:00","breadcrumb":{"@id":"https:\/\/signal-fc.ch\/actualites\/presentation-dun-de-nos-entraineurs-du-nom-de-corentin-magnin-qui-soccupe-de-notre-equipe-de-juniors-c2\/#breadcrumb"},"inLanguage":"fr-FR","potentialAction":[{"@type":"ReadAction","target":["https:\/\/signal-fc.ch\/actualites\/presentation-dun-de-nos-entraineurs-du-nom-de-corentin-magnin-qui-soccupe-de-notre-equipe-de-juniors-c2\/"]}]},{"@type":"ImageObject","inLanguage":"fr-FR","@id":"https:\/\/signal-fc.ch\/actualites\/presentation-dun-de-nos-entraineurs-du-nom-de-corentin-magnin-qui-soccupe-de-notre-equipe-de-juniors-c2\/#primaryimage","url":"https:\/\/signal-fc.ch\/wp-content\/uploads\/2022\/02\/MagninCorrentin_01.jpg","contentUrl":"https:\/\/signal-fc.ch\/wp-content\/uploads\/2022\/02\/MagninCorrentin_01.jpg","width":1365,"height":2048},{"@type":"BreadcrumbList","@id":"https:\/\/signal-fc.ch\/actualites\/presentation-dun-de-nos-entraineurs-du-nom-de-corentin-magnin-qui-soccupe-de-notre-equipe-de-juniors-c2\/#breadcrumb","itemListElement":[{"@type":"ListItem","position":1,"name":"Accueil","item":"https:\/\/signal-fc.ch\/"},{"@type":"ListItem","position":2,"name":"Pr\u00e9sentation d&rsquo;un de nos entra\u00eeneurs, du nom de Corentin Magnin qui s&rsquo;occupe de notre \u00e9quipe de juniors C2."}]},{"@type":"WebSite","@id":"https:\/\/signal-fc.ch\/#website","url":"https:\/\/signal-fc.ch\/","name":"Signal FC Bernex-Confignon","description":"\u00c9cole de Foot \u00e0 Bernex","publisher":{"@id":"https:\/\/signal-fc.ch\/#organization"},"potentialAction":[{"@type":"SearchAction","target":{"@type":"EntryPoint","urlTemplate":"https:\/\/signal-fc.ch\/?s={search_term_string}"},"query-input":{"@type":"PropertyValueSpecification","valueRequired":true,"valueName":"search_term_string"}}],"inLanguage":"fr-FR"},{"@type":"Organization","@id":"https:\/\/signal-fc.ch\/#organization","name":"Signal FC Bernex-Confignon","url":"https:\/\/signal-fc.ch\/","logo":{"@type":"ImageObject","inLanguage":"fr-FR","@id":"https:\/\/signal-fc.ch\/#\/schema\/logo\/image\/","url":"https:\/\/signal-fc.ch\/wp-content\/uploads\/2018\/06\/cropped-signal-fc-logo_h.png","contentUrl":"https:\/\/signal-fc.ch\/wp-content\/uploads\/2018\/06\/cropped-signal-fc-logo_h.png","width":512,"height":512,"caption":"Signal FC Bernex-Confignon"},"image":{"@id":"https:\/\/signal-fc.ch\/#\/schema\/logo\/image\/"},"sameAs":["https:\/\/www.facebook.com\/signalfc.ch"]},{"@type":"Person","@id":"https:\/\/signal-fc.ch\/#\/schema\/person\/e79cba69a7c986c7613b14f454a7456f","name":"Manu Lopez","image":{"@type":"ImageObject","inLanguage":"fr-FR","@id":"https:\/\/secure.gravatar.com\/avatar\/d5f16101c11df02dad7afd8dcd4a5e43a95d88969758c7ea8c462ca6800ab3a1?s=96&d=mm&r=g","url":"https:\/\/secure.gravatar.com\/avatar\/d5f16101c11df02dad7afd8dcd4a5e43a95d88969758c7ea8c462ca6800ab3a1?s=96&d=mm&r=g","contentUrl":"https:\/\/secure.gravatar.com\/avatar\/d5f16101c11df02dad7afd8dcd4a5e43a95d88969758c7ea8c462ca6800ab3a1?s=96&d=mm&r=g","caption":"Manu Lopez"}}]}},"publishpress_future_action":{"enabled":false,"date":"2026-05-07 16:57:24","action":"change-status","newStatus":"draft","terms":[],"taxonomy":"category","extraData":[]},"publishpress_future_workflow_manual_trigger":{"enabledWorkflows":[]},"_links":{"self":[{"href":"https:\/\/signal-fc.ch\/json\/wp\/v2\/posts\/25349","targetHints":{"allow":["GET"]}}],"collection":[{"href":"https:\/\/signal-fc.ch\/json\/wp\/v2\/posts"}],"about":[{"href":"https:\/\/signal-fc.ch\/json\/wp\/v2\/types\/post"}],"author":[{"embeddable":true,"href":"https:\/\/signal-fc.ch\/json\/wp\/v2\/users\/2"}],"replies":[{"embeddable":true,"href":"https:\/\/signal-fc.ch\/json\/wp\/v2\/comments?post=25349"}],"version-history":[{"count":0,"href":"https:\/\/signal-fc.ch\/json\/wp\/v2\/posts\/25349\/revisions"}],"wp:featuredmedia":[{"embeddable":true,"href":"https:\/\/signal-fc.ch\/json\/wp\/v2\/media\/25352"}],"wp:attachment":[{"href":"https:\/\/signal-fc.ch\/json\/wp\/v2\/media?parent=25349"}],"wp:term":[{"taxonomy":"category","embeddable":true,"href":"https:\/\/signal-fc.ch\/json\/wp\/v2\/categories?post=25349"},{"taxonomy":"post_tag","embeddable":true,"href":"https:\/\/signal-fc.ch\/json\/wp\/v2\/tags?post=25349"}],"curies":[{"name":"wp","href":"https:\/\/api.w.org\/{rel}","templated":true}]}}