{"id":25341,"date":"2022-02-07T12:25:06","date_gmt":"2022-02-07T11:25:06","guid":{"rendered":"https:\/\/signal-fc.ch\/?p=25341"},"modified":"2022-02-07T12:35:52","modified_gmt":"2022-02-07T11:35:52","slug":"presentation-cette-semaine-en-la-personne-de-julien-braillard-entraineur-des-seniors-30","status":"publish","type":"post","link":"https:\/\/signal-fc.ch\/actualites\/presentation-cette-semaine-en-la-personne-de-julien-braillard-entraineur-des-seniors-30\/","title":{"rendered":"Pr\u00e9sentation cette semaine, en la personne de Julien Braillard, entra\u00eeneur des Seniors +30."},"content":{"rendered":"<p><strong>Nouvelle pr\u00e9sentation cette semaine, en la personne de Julien Braillard, entra\u00eeneur des Seniors +30. Une \u00e9quipe compos\u00e9e, en grande\u00a0partie, de copains qui ont \u00e9t\u00e9 jou\u00e9 au Signal durant leur carri\u00e8re sportive. Un v\u00e9ritable noyau s&rsquo;est cr\u00e9e depuis quelques saisons\u00a0et ce groupe inspire \u00e0 retrouver les hauts du classement dans leur cat\u00e9gorie. Un challenge r\u00e9alisable selon les premiers r\u00e9sultats\u00a0et la motivation d\u00e9montr\u00e9 par ses joueurs depuis le d\u00e9but de la saison.<\/strong><\/p>\n<p><strong>&#8211; Si ton\/ta meilleur(e) ami(e) devait te pr\u00e9senter, comment penses-tu qu&rsquo;il te pr\u00e9senterait ?<\/strong><\/p>\n<p><strong>Je pense qu&rsquo;il dirait que je suis quelqu&rsquo;un d&rsquo;agr\u00e9able, jovial, sympa avec de l&rsquo;humour.<\/strong><\/p>\n<p><strong>&#8211; Quels sont tes objectifs pour cette saison 2021-22 ?<\/strong><\/p>\n<p><strong>Plaisir avant tout. Sinon, viser le podium de notre cat\u00e9gorie et aller le plus loin possible en coupe genevoise.<\/strong><\/p>\n<p><img decoding=\"async\" class=\"size-full wp-image-25342 aligncenter\" src=\"https:\/\/signal-fc.ch\/wp-content\/uploads\/2022\/02\/BraillardJulien_1.jpg\" alt=\"\" width=\"300\" height=\"231\" \/><\/p>\n<p>&#8211;<strong> Quand t&rsquo;es venue la passion du ballon rond ?<\/strong><\/p>\n<p><strong>Depuis tout petit par mon p\u00e8re, qui lui m\u00eame pratiquait le football, qui nous amenait \u00e9galement au mythique stade des Charmilles\u00a0voir le SFC et par les matchs retransmis \u00e0 la TV principalement lors des comp\u00e9titions internationales (Coupe du monde, Euro)<\/strong><\/p>\n<p><strong>&#8211; De tout les clubs adverses que tu as affront\u00e9, lequel t&rsquo;as le plus marqu\u00e9 et pourquoi ?<\/strong><\/p>\n<p><strong>Je dirais le FC Meyrin, lorsqu&rsquo;avec le CS Italien nous les avions jou\u00e9s sous une pluie battante sur un terrain quasiment\u00a0impraticable et avions perdu 4-1, manquant ainsi notre promotion en A inter de l&rsquo;\u00e9poque. Meyrin s&rsquo;\u00e9tait renforc\u00e9 et\u00a0mon pote\/ancien co\u00e9quipier Di Bernadino nous avait crucifi\u00e9 quasiment \u00e0 lui seul et m&rsquo;avait marqu\u00e9 2 goals. On avait une superbe\u00a0\u00e9quipe, crainte, mais ce jour-l\u00e0, nous n&rsquo;avions pas \u00e9t\u00e9 bons et faibles mentalement, moi le premier en tant que capitaine.<\/strong><\/p>\n<p><strong>&#8211; Sur ton tableau d&rsquo;avant-match, quels mots reviennent souvent durant la saison ?<\/strong><\/p>\n<p><strong>Plaisir, respect, humilit\u00e9 et efficacit\u00e9<\/strong><\/p>\n<p><strong>&#8211; Le Signal FC Bernex-Confignon a f\u00eat\u00e9 ses 95 ans, et en 2024 ca sera la 100e, que proposerais-tu comme \u00e9v\u00e9nement \u00e0 organiser ?<\/strong><\/p>\n<p><strong>Un match de gala<\/strong><\/p>\n<p><strong>&#8211; Ronaldo ou Messi et pourquoi ?<\/strong><\/p>\n<p><strong>Difficile de les comparer, car se ne sont pas du tout les m\u00eames joueurs. Ronaldo est une machine et avec le temps, j&rsquo;ai appris \u00e0\u00a0plus respecter (surtout par son v\u00e9cu et ce qu&rsquo;il fait en dehors du terrain), car je n&rsquo;aime pas l&rsquo;arrogance sur un terrain de\u00a0football. Il faut avouer que partout o\u00f9 il a jou\u00e9, il a \u00e9t\u00e9 d\u00e9terminant. Je ne suis pas son plus grand fan, mais je reconnais\u00a0volontiers qu&rsquo;il est impressionnant. Je pr\u00e9f\u00e8re Messi, car c&rsquo;est un talent unique et plus \u00ab\u00a0raffin\u00e9\u00a0\u00bb sur le terrain, mais qui\u00a0m&rsquo;agace souvent par sa nonchalance. Il a une technique, une vision de jeu et un sens du goal simplement ahurissants.<\/strong><\/p>\n<p><strong>&#8211; Alex Morgan ou Ramona Bachmann ?<\/strong><\/p>\n<p><strong>Alex Morgan, m\u00eame si Ramona Bachmann est le fer de lance de notre \u00e9quipe nationale.<\/strong><\/p>\n<p><strong>&#8211; Sommer ou Neuer ?<\/strong><\/p>\n<p><strong>Neuer, m\u00eame si j&rsquo;appr\u00e9cie Sommer. Neuer est solide dans tous les compartiments du jeu et a r\u00e9invent\u00e9 le r\u00f4le de gardien.<\/strong><\/p>\n<p><strong>&#8211; Mbappe ou Kane ?<\/strong><\/p>\n<p><strong>Mbappe<\/strong><\/p>\n<p><strong>&#8211; Qu&rsquo;est-ce qu&rsquo;il t&rsquo;a marqu\u00e9 le plus durant le dernier EURO qui a eu lieu ?<\/strong><\/p>\n<p><strong>Notre \u00e9quipe nationale contre le France et l&rsquo;Espagne.<\/strong><\/p>\n<p><strong>&#8211; Si tu pouvais demander ton plat pr\u00e9f\u00e9r\u00e9 \u00e0 la buvette, \u00e7a serait ?<\/strong><\/p>\n<p><strong>Aujourd&rsquo;hui, je dirais Cipirones.<\/strong><\/p>\n<p><strong>&#8211; Nous avons v\u00e9cu une situation unique suite \u00e0 la pand\u00e9mie du COVID-19, qu&rsquo;as-tu ressenti \u00e0 l&rsquo;annonce des\u00a0mesures prises au niveau du sport et particuli\u00e8rement le football ?<\/strong><\/p>\n<p><strong>En tant qu&rsquo;entra\u00eeneur de v\u00e9t\u00e9rans, je juge qu&rsquo;il \u00e9tait normal, vue la pand\u00e9mie, de mettre un terme aux saisons 2019-2020 et\u00a02020-2021. Au niveau s\u00e9nior, pour la plus part p\u00e8re de famille, il n&rsquo;y avait pas de risques \u00e0 prendre, par contre, pour ce qui est\u00a0des jeunes, j&rsquo;ai trouv\u00e9 qu&rsquo;il \u00e9tait important, vu qu&rsquo;ils encouraient moins de risques, de pouvoir les laisser continuer \u00e0 pratiquer\u00a0notre sport.<\/strong><\/p>\n<p><strong>Par contre, je juge compl\u00e8tement stupide que l&rsquo;ASF, relay\u00e9e par l&rsquo;ACGF, ait d\u00e9cid\u00e9 de faire une parodie de fin de championnat en\u00a0changeant les r\u00e8gles initiales, pour \u00e9viter une nouvelle saison blanche&#8230; C&rsquo;\u00e9tait tout sauf \u00e9quitable, sachant que toutes les\u00a0\u00e9quipes ne s&rsquo;\u00e9taient pas rencontr\u00e9es les unes contre les autres. C&rsquo;\u00e9tait forc\u00e9ment fauss\u00e9, en plus avec le retrait d&rsquo;une \u00e9quipe\u00a0et une autre qui a fait 1 voire 2 forfaits sur 4 matchs, mais qui \u00e9tait bien class\u00e9e. Il \u00e9tait apparemment primordial pour des\u00a0v\u00e9t\u00e9rans qu&rsquo;il y ait des promotions et des rel\u00e9gations&#8230; Je ne suis pas amer par notre rel\u00e9gation et encore moins dans ces\u00a0conditions. Mes gars ont \u00e9t\u00e9 valeureux, ont jou\u00e9 quasiment sans entra\u00eenement et ils ont souvent donn\u00e9 de leur personne avec\u00a0des blessures. Je les remercie pour leur esprit d&rsquo;\u00e9quipe et leur courage (bcp avaient des craintes par rapport au Covid).<\/strong><\/p>\n<p><strong>Aujourd&rsquo;hui, nous avons retrouv\u00e9 des conditions normales et le plaisir de pratiquer notre sport, c&rsquo;est le principal.<\/strong><\/p>\n<p><strong>&#8211; Le stade le plus prestigieux que tu as visit\u00e9 ou assist\u00e9 \u00e0 un match ?<\/strong><\/p>\n<p><strong>Le Maracana<\/strong><\/p>\n<p><strong>&#8211; Quels entra\u00eeneurs t&rsquo;inspirent le plus niveau tactique ?<\/strong><\/p>\n<p><strong>Klopp, Conte, Guardiola<\/strong><\/p>\n<p><strong>&#8211; Y a-t-il une question que tu aurais aim\u00e9 qu&rsquo;on te pose et donne nous la r\u00e9ponse si oui&#8230;<\/strong><\/p>\n<p><strong>Non<\/strong><\/p>\n<p><img decoding=\"async\" class=\"size-full wp-image-25344 aligncenter\" src=\"https:\/\/signal-fc.ch\/wp-content\/uploads\/2022\/02\/Seniors30.jpg\" alt=\"\" width=\"300\" height=\"225\" \/><\/p>\n<p>Interview pr\u00e9par\u00e9 par Michael Silverman<\/p>\n","protected":false},"excerpt":{"rendered":"<p>Nouvelle pr\u00e9sentation cette semaine, en la personne de Julien Braillard, entra\u00eeneur des Seniors +30. Une \u00e9quipe compos\u00e9e, en grande\u00a0partie, de copains qui ont \u00e9t\u00e9 jou\u00e9 au Signal durant leur carri\u00e8re sportive. Un v\u00e9ritable noyau s&rsquo;est cr\u00e9e depuis quelques saisons\u00a0et ce groupe inspire \u00e0 retrouver les hauts du classement dans leur cat\u00e9gorie. Un challenge r\u00e9alisable selon&hellip;<\/p>\n","protected":false},"author":2,"featured_media":25343,"comment_status":"open","ping_status":"open","sticky":false,"template":"","format":"standard","meta":{"footnotes":""},"categories":[55],"tags":[],"class_list":["post-25341","post","type-post","status-publish","format-standard","has-post-thumbnail","hentry","category-actualites-veterans-30"],"yoast_head":"<!-- This site is optimized with the Yoast SEO plugin v27.5 - https:\/\/yoast.com\/product\/yoast-seo-wordpress\/ -->\n<title>Pr\u00e9sentation cette semaine, en la personne de Julien Braillard, entra\u00eeneur des Seniors +30. - Signal FC<\/title>\n<meta name=\"robots\" content=\"index, follow, max-snippet:-1, max-image-preview:large, max-video-preview:-1\" \/>\n<link rel=\"canonical\" href=\"https:\/\/signal-fc.ch\/actualites\/presentation-cette-semaine-en-la-personne-de-julien-braillard-entraineur-des-seniors-30\/\" \/>\n<meta property=\"og:locale\" content=\"fr_FR\" \/>\n<meta property=\"og:type\" content=\"article\" \/>\n<meta property=\"og:title\" content=\"Pr\u00e9sentation cette semaine, en la personne de Julien Braillard, entra\u00eeneur des Seniors +30. - Signal FC\" \/>\n<meta property=\"og:description\" content=\"Nouvelle pr\u00e9sentation cette semaine, en la personne de Julien Braillard, entra\u00eeneur des Seniors +30. Une \u00e9quipe compos\u00e9e, en grande\u00a0partie, de copains qui ont \u00e9t\u00e9 jou\u00e9 au Signal durant leur carri\u00e8re sportive. Un v\u00e9ritable noyau s&rsquo;est cr\u00e9e depuis quelques saisons\u00a0et ce groupe inspire \u00e0 retrouver les hauts du classement dans leur cat\u00e9gorie. Un challenge r\u00e9alisable selon&hellip;\" \/>\n<meta property=\"og:url\" content=\"https:\/\/signal-fc.ch\/actualites\/presentation-cette-semaine-en-la-personne-de-julien-braillard-entraineur-des-seniors-30\/\" \/>\n<meta property=\"og:site_name\" content=\"Signal FC\" \/>\n<meta property=\"article:publisher\" content=\"https:\/\/www.facebook.com\/signalfc.ch\" \/>\n<meta property=\"article:published_time\" content=\"2022-02-07T11:25:06+00:00\" \/>\n<meta property=\"article:modified_time\" content=\"2022-02-07T11:35:52+00:00\" \/>\n<meta property=\"og:image\" content=\"https:\/\/signal-fc.ch\/wp-content\/uploads\/2022\/02\/BraillardJulien_2.jpg\" \/>\n\t<meta property=\"og:image:width\" content=\"1836\" \/>\n\t<meta property=\"og:image:height\" content=\"1836\" \/>\n\t<meta property=\"og:image:type\" content=\"image\/jpeg\" \/>\n<meta name=\"author\" content=\"Manu Lopez\" \/>\n<meta name=\"twitter:card\" content=\"summary_large_image\" \/>\n<meta name=\"twitter:label1\" content=\"\u00c9crit par\" \/>\n\t<meta name=\"twitter:data1\" content=\"Manu Lopez\" \/>\n\t<meta name=\"twitter:label2\" content=\"Dur\u00e9e de lecture estim\u00e9e\" \/>\n\t<meta name=\"twitter:data2\" content=\"5 minutes\" \/>\n<script type=\"application\/ld+json\" class=\"yoast-schema-graph\">{\"@context\":\"https:\\\/\\\/schema.org\",\"@graph\":[{\"@type\":\"Article\",\"@id\":\"https:\\\/\\\/signal-fc.ch\\\/actualites\\\/presentation-cette-semaine-en-la-personne-de-julien-braillard-entraineur-des-seniors-30\\\/#article\",\"isPartOf\":{\"@id\":\"https:\\\/\\\/signal-fc.ch\\\/actualites\\\/presentation-cette-semaine-en-la-personne-de-julien-braillard-entraineur-des-seniors-30\\\/\"},\"author\":{\"name\":\"Manu Lopez\",\"@id\":\"https:\\\/\\\/signal-fc.ch\\\/#\\\/schema\\\/person\\\/e79cba69a7c986c7613b14f454a7456f\"},\"headline\":\"Pr\u00e9sentation cette semaine, en la personne de Julien Braillard, entra\u00eeneur des Seniors +30.\",\"datePublished\":\"2022-02-07T11:25:06+00:00\",\"dateModified\":\"2022-02-07T11:35:52+00:00\",\"mainEntityOfPage\":{\"@id\":\"https:\\\/\\\/signal-fc.ch\\\/actualites\\\/presentation-cette-semaine-en-la-personne-de-julien-braillard-entraineur-des-seniors-30\\\/\"},\"wordCount\":946,\"commentCount\":0,\"publisher\":{\"@id\":\"https:\\\/\\\/signal-fc.ch\\\/#organization\"},\"image\":{\"@id\":\"https:\\\/\\\/signal-fc.ch\\\/actualites\\\/presentation-cette-semaine-en-la-personne-de-julien-braillard-entraineur-des-seniors-30\\\/#primaryimage\"},\"thumbnailUrl\":\"https:\\\/\\\/signal-fc.ch\\\/wp-content\\\/uploads\\\/2022\\\/02\\\/BraillardJulien_2.jpg\",\"articleSection\":[\"Actualit\u00e9s V\u00e9t\u00e9rans +30\"],\"inLanguage\":\"fr-FR\",\"potentialAction\":[{\"@type\":\"CommentAction\",\"name\":\"Comment\",\"target\":[\"https:\\\/\\\/signal-fc.ch\\\/actualites\\\/presentation-cette-semaine-en-la-personne-de-julien-braillard-entraineur-des-seniors-30\\\/#respond\"]}]},{\"@type\":\"WebPage\",\"@id\":\"https:\\\/\\\/signal-fc.ch\\\/actualites\\\/presentation-cette-semaine-en-la-personne-de-julien-braillard-entraineur-des-seniors-30\\\/\",\"url\":\"https:\\\/\\\/signal-fc.ch\\\/actualites\\\/presentation-cette-semaine-en-la-personne-de-julien-braillard-entraineur-des-seniors-30\\\/\",\"name\":\"Pr\u00e9sentation cette semaine, en la personne de Julien Braillard, entra\u00eeneur des Seniors +30. - Signal FC\",\"isPartOf\":{\"@id\":\"https:\\\/\\\/signal-fc.ch\\\/#website\"},\"primaryImageOfPage\":{\"@id\":\"https:\\\/\\\/signal-fc.ch\\\/actualites\\\/presentation-cette-semaine-en-la-personne-de-julien-braillard-entraineur-des-seniors-30\\\/#primaryimage\"},\"image\":{\"@id\":\"https:\\\/\\\/signal-fc.ch\\\/actualites\\\/presentation-cette-semaine-en-la-personne-de-julien-braillard-entraineur-des-seniors-30\\\/#primaryimage\"},\"thumbnailUrl\":\"https:\\\/\\\/signal-fc.ch\\\/wp-content\\\/uploads\\\/2022\\\/02\\\/BraillardJulien_2.jpg\",\"datePublished\":\"2022-02-07T11:25:06+00:00\",\"dateModified\":\"2022-02-07T11:35:52+00:00\",\"breadcrumb\":{\"@id\":\"https:\\\/\\\/signal-fc.ch\\\/actualites\\\/presentation-cette-semaine-en-la-personne-de-julien-braillard-entraineur-des-seniors-30\\\/#breadcrumb\"},\"inLanguage\":\"fr-FR\",\"potentialAction\":[{\"@type\":\"ReadAction\",\"target\":[\"https:\\\/\\\/signal-fc.ch\\\/actualites\\\/presentation-cette-semaine-en-la-personne-de-julien-braillard-entraineur-des-seniors-30\\\/\"]}]},{\"@type\":\"ImageObject\",\"inLanguage\":\"fr-FR\",\"@id\":\"https:\\\/\\\/signal-fc.ch\\\/actualites\\\/presentation-cette-semaine-en-la-personne-de-julien-braillard-entraineur-des-seniors-30\\\/#primaryimage\",\"url\":\"https:\\\/\\\/signal-fc.ch\\\/wp-content\\\/uploads\\\/2022\\\/02\\\/BraillardJulien_2.jpg\",\"contentUrl\":\"https:\\\/\\\/signal-fc.ch\\\/wp-content\\\/uploads\\\/2022\\\/02\\\/BraillardJulien_2.jpg\",\"width\":1836,\"height\":1836},{\"@type\":\"BreadcrumbList\",\"@id\":\"https:\\\/\\\/signal-fc.ch\\\/actualites\\\/presentation-cette-semaine-en-la-personne-de-julien-braillard-entraineur-des-seniors-30\\\/#breadcrumb\",\"itemListElement\":[{\"@type\":\"ListItem\",\"position\":1,\"name\":\"Accueil\",\"item\":\"https:\\\/\\\/signal-fc.ch\\\/\"},{\"@type\":\"ListItem\",\"position\":2,\"name\":\"Pr\u00e9sentation cette semaine, en la personne de Julien Braillard, entra\u00eeneur des Seniors +30.\"}]},{\"@type\":\"WebSite\",\"@id\":\"https:\\\/\\\/signal-fc.ch\\\/#website\",\"url\":\"https:\\\/\\\/signal-fc.ch\\\/\",\"name\":\"Signal FC Bernex-Confignon\",\"description\":\"\u00c9cole de Foot \u00e0 Bernex\",\"publisher\":{\"@id\":\"https:\\\/\\\/signal-fc.ch\\\/#organization\"},\"potentialAction\":[{\"@type\":\"SearchAction\",\"target\":{\"@type\":\"EntryPoint\",\"urlTemplate\":\"https:\\\/\\\/signal-fc.ch\\\/?s={search_term_string}\"},\"query-input\":{\"@type\":\"PropertyValueSpecification\",\"valueRequired\":true,\"valueName\":\"search_term_string\"}}],\"inLanguage\":\"fr-FR\"},{\"@type\":\"Organization\",\"@id\":\"https:\\\/\\\/signal-fc.ch\\\/#organization\",\"name\":\"Signal FC Bernex-Confignon\",\"url\":\"https:\\\/\\\/signal-fc.ch\\\/\",\"logo\":{\"@type\":\"ImageObject\",\"inLanguage\":\"fr-FR\",\"@id\":\"https:\\\/\\\/signal-fc.ch\\\/#\\\/schema\\\/logo\\\/image\\\/\",\"url\":\"https:\\\/\\\/signal-fc.ch\\\/wp-content\\\/uploads\\\/2018\\\/06\\\/cropped-signal-fc-logo_h.png\",\"contentUrl\":\"https:\\\/\\\/signal-fc.ch\\\/wp-content\\\/uploads\\\/2018\\\/06\\\/cropped-signal-fc-logo_h.png\",\"width\":512,\"height\":512,\"caption\":\"Signal FC Bernex-Confignon\"},\"image\":{\"@id\":\"https:\\\/\\\/signal-fc.ch\\\/#\\\/schema\\\/logo\\\/image\\\/\"},\"sameAs\":[\"https:\\\/\\\/www.facebook.com\\\/signalfc.ch\"]},{\"@type\":\"Person\",\"@id\":\"https:\\\/\\\/signal-fc.ch\\\/#\\\/schema\\\/person\\\/e79cba69a7c986c7613b14f454a7456f\",\"name\":\"Manu Lopez\",\"image\":{\"@type\":\"ImageObject\",\"inLanguage\":\"fr-FR\",\"@id\":\"https:\\\/\\\/secure.gravatar.com\\\/avatar\\\/d5f16101c11df02dad7afd8dcd4a5e43a95d88969758c7ea8c462ca6800ab3a1?s=96&d=mm&r=g\",\"url\":\"https:\\\/\\\/secure.gravatar.com\\\/avatar\\\/d5f16101c11df02dad7afd8dcd4a5e43a95d88969758c7ea8c462ca6800ab3a1?s=96&d=mm&r=g\",\"contentUrl\":\"https:\\\/\\\/secure.gravatar.com\\\/avatar\\\/d5f16101c11df02dad7afd8dcd4a5e43a95d88969758c7ea8c462ca6800ab3a1?s=96&d=mm&r=g\",\"caption\":\"Manu Lopez\"}}]}<\/script>\n<!-- \/ Yoast SEO plugin. -->","yoast_head_json":{"title":"Pr\u00e9sentation cette semaine, en la personne de Julien Braillard, entra\u00eeneur des Seniors +30. - Signal FC","robots":{"index":"index","follow":"follow","max-snippet":"max-snippet:-1","max-image-preview":"max-image-preview:large","max-video-preview":"max-video-preview:-1"},"canonical":"https:\/\/signal-fc.ch\/actualites\/presentation-cette-semaine-en-la-personne-de-julien-braillard-entraineur-des-seniors-30\/","og_locale":"fr_FR","og_type":"article","og_title":"Pr\u00e9sentation cette semaine, en la personne de Julien Braillard, entra\u00eeneur des Seniors +30. - Signal FC","og_description":"Nouvelle pr\u00e9sentation cette semaine, en la personne de Julien Braillard, entra\u00eeneur des Seniors +30. Une \u00e9quipe compos\u00e9e, en grande\u00a0partie, de copains qui ont \u00e9t\u00e9 jou\u00e9 au Signal durant leur carri\u00e8re sportive. Un v\u00e9ritable noyau s&rsquo;est cr\u00e9e depuis quelques saisons\u00a0et ce groupe inspire \u00e0 retrouver les hauts du classement dans leur cat\u00e9gorie. Un challenge r\u00e9alisable selon&hellip;","og_url":"https:\/\/signal-fc.ch\/actualites\/presentation-cette-semaine-en-la-personne-de-julien-braillard-entraineur-des-seniors-30\/","og_site_name":"Signal FC","article_publisher":"https:\/\/www.facebook.com\/signalfc.ch","article_published_time":"2022-02-07T11:25:06+00:00","article_modified_time":"2022-02-07T11:35:52+00:00","og_image":[{"width":1836,"height":1836,"url":"https:\/\/signal-fc.ch\/wp-content\/uploads\/2022\/02\/BraillardJulien_2.jpg","type":"image\/jpeg"}],"author":"Manu Lopez","twitter_card":"summary_large_image","twitter_misc":{"\u00c9crit par":"Manu Lopez","Dur\u00e9e de lecture estim\u00e9e":"5 minutes"},"schema":{"@context":"https:\/\/schema.org","@graph":[{"@type":"Article","@id":"https:\/\/signal-fc.ch\/actualites\/presentation-cette-semaine-en-la-personne-de-julien-braillard-entraineur-des-seniors-30\/#article","isPartOf":{"@id":"https:\/\/signal-fc.ch\/actualites\/presentation-cette-semaine-en-la-personne-de-julien-braillard-entraineur-des-seniors-30\/"},"author":{"name":"Manu Lopez","@id":"https:\/\/signal-fc.ch\/#\/schema\/person\/e79cba69a7c986c7613b14f454a7456f"},"headline":"Pr\u00e9sentation cette semaine, en la personne de Julien Braillard, entra\u00eeneur des Seniors +30.","datePublished":"2022-02-07T11:25:06+00:00","dateModified":"2022-02-07T11:35:52+00:00","mainEntityOfPage":{"@id":"https:\/\/signal-fc.ch\/actualites\/presentation-cette-semaine-en-la-personne-de-julien-braillard-entraineur-des-seniors-30\/"},"wordCount":946,"commentCount":0,"publisher":{"@id":"https:\/\/signal-fc.ch\/#organization"},"image":{"@id":"https:\/\/signal-fc.ch\/actualites\/presentation-cette-semaine-en-la-personne-de-julien-braillard-entraineur-des-seniors-30\/#primaryimage"},"thumbnailUrl":"https:\/\/signal-fc.ch\/wp-content\/uploads\/2022\/02\/BraillardJulien_2.jpg","articleSection":["Actualit\u00e9s V\u00e9t\u00e9rans +30"],"inLanguage":"fr-FR","potentialAction":[{"@type":"CommentAction","name":"Comment","target":["https:\/\/signal-fc.ch\/actualites\/presentation-cette-semaine-en-la-personne-de-julien-braillard-entraineur-des-seniors-30\/#respond"]}]},{"@type":"WebPage","@id":"https:\/\/signal-fc.ch\/actualites\/presentation-cette-semaine-en-la-personne-de-julien-braillard-entraineur-des-seniors-30\/","url":"https:\/\/signal-fc.ch\/actualites\/presentation-cette-semaine-en-la-personne-de-julien-braillard-entraineur-des-seniors-30\/","name":"Pr\u00e9sentation cette semaine, en la personne de Julien Braillard, entra\u00eeneur des Seniors +30. - Signal FC","isPartOf":{"@id":"https:\/\/signal-fc.ch\/#website"},"primaryImageOfPage":{"@id":"https:\/\/signal-fc.ch\/actualites\/presentation-cette-semaine-en-la-personne-de-julien-braillard-entraineur-des-seniors-30\/#primaryimage"},"image":{"@id":"https:\/\/signal-fc.ch\/actualites\/presentation-cette-semaine-en-la-personne-de-julien-braillard-entraineur-des-seniors-30\/#primaryimage"},"thumbnailUrl":"https:\/\/signal-fc.ch\/wp-content\/uploads\/2022\/02\/BraillardJulien_2.jpg","datePublished":"2022-02-07T11:25:06+00:00","dateModified":"2022-02-07T11:35:52+00:00","breadcrumb":{"@id":"https:\/\/signal-fc.ch\/actualites\/presentation-cette-semaine-en-la-personne-de-julien-braillard-entraineur-des-seniors-30\/#breadcrumb"},"inLanguage":"fr-FR","potentialAction":[{"@type":"ReadAction","target":["https:\/\/signal-fc.ch\/actualites\/presentation-cette-semaine-en-la-personne-de-julien-braillard-entraineur-des-seniors-30\/"]}]},{"@type":"ImageObject","inLanguage":"fr-FR","@id":"https:\/\/signal-fc.ch\/actualites\/presentation-cette-semaine-en-la-personne-de-julien-braillard-entraineur-des-seniors-30\/#primaryimage","url":"https:\/\/signal-fc.ch\/wp-content\/uploads\/2022\/02\/BraillardJulien_2.jpg","contentUrl":"https:\/\/signal-fc.ch\/wp-content\/uploads\/2022\/02\/BraillardJulien_2.jpg","width":1836,"height":1836},{"@type":"BreadcrumbList","@id":"https:\/\/signal-fc.ch\/actualites\/presentation-cette-semaine-en-la-personne-de-julien-braillard-entraineur-des-seniors-30\/#breadcrumb","itemListElement":[{"@type":"ListItem","position":1,"name":"Accueil","item":"https:\/\/signal-fc.ch\/"},{"@type":"ListItem","position":2,"name":"Pr\u00e9sentation cette semaine, en la personne de Julien Braillard, entra\u00eeneur des Seniors +30."}]},{"@type":"WebSite","@id":"https:\/\/signal-fc.ch\/#website","url":"https:\/\/signal-fc.ch\/","name":"Signal FC Bernex-Confignon","description":"\u00c9cole de Foot \u00e0 Bernex","publisher":{"@id":"https:\/\/signal-fc.ch\/#organization"},"potentialAction":[{"@type":"SearchAction","target":{"@type":"EntryPoint","urlTemplate":"https:\/\/signal-fc.ch\/?s={search_term_string}"},"query-input":{"@type":"PropertyValueSpecification","valueRequired":true,"valueName":"search_term_string"}}],"inLanguage":"fr-FR"},{"@type":"Organization","@id":"https:\/\/signal-fc.ch\/#organization","name":"Signal FC Bernex-Confignon","url":"https:\/\/signal-fc.ch\/","logo":{"@type":"ImageObject","inLanguage":"fr-FR","@id":"https:\/\/signal-fc.ch\/#\/schema\/logo\/image\/","url":"https:\/\/signal-fc.ch\/wp-content\/uploads\/2018\/06\/cropped-signal-fc-logo_h.png","contentUrl":"https:\/\/signal-fc.ch\/wp-content\/uploads\/2018\/06\/cropped-signal-fc-logo_h.png","width":512,"height":512,"caption":"Signal FC Bernex-Confignon"},"image":{"@id":"https:\/\/signal-fc.ch\/#\/schema\/logo\/image\/"},"sameAs":["https:\/\/www.facebook.com\/signalfc.ch"]},{"@type":"Person","@id":"https:\/\/signal-fc.ch\/#\/schema\/person\/e79cba69a7c986c7613b14f454a7456f","name":"Manu Lopez","image":{"@type":"ImageObject","inLanguage":"fr-FR","@id":"https:\/\/secure.gravatar.com\/avatar\/d5f16101c11df02dad7afd8dcd4a5e43a95d88969758c7ea8c462ca6800ab3a1?s=96&d=mm&r=g","url":"https:\/\/secure.gravatar.com\/avatar\/d5f16101c11df02dad7afd8dcd4a5e43a95d88969758c7ea8c462ca6800ab3a1?s=96&d=mm&r=g","contentUrl":"https:\/\/secure.gravatar.com\/avatar\/d5f16101c11df02dad7afd8dcd4a5e43a95d88969758c7ea8c462ca6800ab3a1?s=96&d=mm&r=g","caption":"Manu Lopez"}}]}},"publishpress_future_action":{"enabled":false,"date":"2026-05-07 12:06:56","action":"change-status","newStatus":"draft","terms":[],"taxonomy":"category","extraData":[]},"publishpress_future_workflow_manual_trigger":{"enabledWorkflows":[]},"_links":{"self":[{"href":"https:\/\/signal-fc.ch\/json\/wp\/v2\/posts\/25341","targetHints":{"allow":["GET"]}}],"collection":[{"href":"https:\/\/signal-fc.ch\/json\/wp\/v2\/posts"}],"about":[{"href":"https:\/\/signal-fc.ch\/json\/wp\/v2\/types\/post"}],"author":[{"embeddable":true,"href":"https:\/\/signal-fc.ch\/json\/wp\/v2\/users\/2"}],"replies":[{"embeddable":true,"href":"https:\/\/signal-fc.ch\/json\/wp\/v2\/comments?post=25341"}],"version-history":[{"count":0,"href":"https:\/\/signal-fc.ch\/json\/wp\/v2\/posts\/25341\/revisions"}],"wp:featuredmedia":[{"embeddable":true,"href":"https:\/\/signal-fc.ch\/json\/wp\/v2\/media\/25343"}],"wp:attachment":[{"href":"https:\/\/signal-fc.ch\/json\/wp\/v2\/media?parent=25341"}],"wp:term":[{"taxonomy":"category","embeddable":true,"href":"https:\/\/signal-fc.ch\/json\/wp\/v2\/categories?post=25341"},{"taxonomy":"post_tag","embeddable":true,"href":"https:\/\/signal-fc.ch\/json\/wp\/v2\/tags?post=25341"}],"curies":[{"name":"wp","href":"https:\/\/api.w.org\/{rel}","templated":true}]}}