{"id":18656,"date":"2020-11-02T09:54:58","date_gmt":"2020-11-02T08:54:58","guid":{"rendered":"https:\/\/signal-fc.ch\/?p=18656"},"modified":"2020-11-02T09:56:43","modified_gmt":"2020-11-02T08:56:43","slug":"information-de-lecole-de-football-au-02-11-2020","status":"publish","type":"post","link":"https:\/\/signal-fc.ch\/actualites\/information-de-lecole-de-football-au-02-11-2020\/","title":{"rendered":"INFORMATION de L&rsquo;Ecole de football au 02.11.2020"},"content":{"rendered":"<h2 style=\"text-align: center;\"><strong>INFORMATION de L&rsquo;Ecole de football au 02.11.2020<\/strong><\/h2>\n<h4><span style=\"color: #000000;\"><strong>Chers parents, joueuses et joueurs,<\/strong><\/span><\/h4>\n<h4><span style=\"color: #000000;\"><strong>A ce jour, nous sommes toujours en contact avec les autorit\u00e9s communales et cantonales pour la reprise de l&rsquo;\u00e9cole de football.<\/strong><\/span><\/h4>\n<h4><span style=\"color: #000000;\"><strong>Vous n&rsquo;\u00eates pas sans savoir que toutes une s\u00e9rie de restrictions conditionnent le red\u00e9marrage de notre activit\u00e9 ceci afin de pr\u00e9server la sant\u00e9 de vos enfants, des \u00e9ducateurs et des parents (ouverture des installations, des salles de gymnastique, nombre d&rsquo;enfants maximum, plan sanitaire, etc).<\/strong><\/span><\/h4>\n<h4><span style=\"color: #000000;\"><strong>Nous avons pris la d\u00e9cision que l&rsquo;\u00e9cole de football reprendra le <u>mercredi 11 novembre 2020<\/u> sous r\u00e9serve de nouvelles restrictions impos\u00e9es par les autorit\u00e9s.<\/strong><\/span><\/h4>\n<h4><span style=\"color: #000000;\"><strong><u>Concernant les modalit\u00e9s de la reprise (lieu, horaires) ceux-ci vous seront communiqu\u00e9s par le biais de ce support ainsi que par mail.<\/u><\/strong><\/span><\/h4>\n<h4><span style=\"color: #000000;\"><strong>Nous vous remercions pour votre compr\u00e9hension et esp\u00e9rons vous revoir le plus rapidement possible.<\/strong><\/span><\/h4>\n<h4><span style=\"color: #000000;\"><strong>Antoine Betran Resp Ecole de football \/ Pierre Jordi, resp sportif<\/strong><\/span><\/h4>\n","protected":false},"excerpt":{"rendered":"<p>INFORMATION de L&rsquo;Ecole de football au 02.11.2020 Chers parents, joueuses et joueurs, A ce jour, nous sommes toujours en contact avec les autorit\u00e9s communales et cantonales pour la reprise de l&rsquo;\u00e9cole de football. Vous n&rsquo;\u00eates pas sans savoir que toutes une s\u00e9rie de restrictions conditionnent le red\u00e9marrage de notre activit\u00e9 ceci afin de pr\u00e9server la&hellip;<\/p>\n","protected":false},"author":2,"featured_media":1567,"comment_status":"open","ping_status":"open","sticky":false,"template":"","format":"standard","meta":{"footnotes":""},"categories":[21,40],"tags":[],"class_list":["post-18656","post","type-post","status-publish","format-standard","has-post-thumbnail","hentry","category-actualites","category-actualites-de-lecole-de-foot"],"yoast_head":"<!-- This site is optimized with the Yoast SEO plugin v27.2 - https:\/\/yoast.com\/product\/yoast-seo-wordpress\/ -->\n<title>INFORMATION de L&#039;Ecole de football au 02.11.2020 - Signal FC<\/title>\n<meta name=\"robots\" content=\"index, follow, max-snippet:-1, max-image-preview:large, max-video-preview:-1\" \/>\n<link rel=\"canonical\" href=\"https:\/\/signal-fc.ch\/actualites\/information-de-lecole-de-football-au-02-11-2020\/\" \/>\n<meta property=\"og:locale\" content=\"fr_FR\" \/>\n<meta property=\"og:type\" content=\"article\" \/>\n<meta property=\"og:title\" content=\"INFORMATION de L&#039;Ecole de football au 02.11.2020 - Signal FC\" \/>\n<meta property=\"og:description\" content=\"INFORMATION de L&rsquo;Ecole de football au 02.11.2020 Chers parents, joueuses et joueurs, A ce jour, nous sommes toujours en contact avec les autorit\u00e9s communales et cantonales pour la reprise de l&rsquo;\u00e9cole de football. Vous n&rsquo;\u00eates pas sans savoir que toutes une s\u00e9rie de restrictions conditionnent le red\u00e9marrage de notre activit\u00e9 ceci afin de pr\u00e9server la&hellip;\" \/>\n<meta property=\"og:url\" content=\"https:\/\/signal-fc.ch\/actualites\/information-de-lecole-de-football-au-02-11-2020\/\" \/>\n<meta property=\"og:site_name\" content=\"Signal FC\" \/>\n<meta property=\"article:publisher\" content=\"https:\/\/www.facebook.com\/signalfc.ch\" \/>\n<meta property=\"article:published_time\" content=\"2020-11-02T08:54:58+00:00\" \/>\n<meta property=\"article:modified_time\" content=\"2020-11-02T08:56:43+00:00\" \/>\n<meta property=\"og:image\" content=\"https:\/\/signal-fc.ch\/wp-content\/uploads\/2018\/08\/ecole_de_foot-e1533886823973.jpeg\" \/>\n\t<meta property=\"og:image:width\" content=\"300\" \/>\n\t<meta property=\"og:image:height\" content=\"288\" \/>\n\t<meta property=\"og:image:type\" content=\"image\/jpeg\" \/>\n<meta name=\"author\" content=\"Manu Lopez\" \/>\n<meta name=\"twitter:card\" content=\"summary_large_image\" \/>\n<meta name=\"twitter:label1\" content=\"\u00c9crit par\" \/>\n\t<meta name=\"twitter:data1\" content=\"Manu Lopez\" \/>\n\t<meta name=\"twitter:label2\" content=\"Dur\u00e9e de lecture estim\u00e9e\" \/>\n\t<meta name=\"twitter:data2\" content=\"1 minute\" \/>\n<script type=\"application\/ld+json\" class=\"yoast-schema-graph\">{\"@context\":\"https:\/\/schema.org\",\"@graph\":[{\"@type\":\"Article\",\"@id\":\"https:\/\/signal-fc.ch\/actualites\/information-de-lecole-de-football-au-02-11-2020\/#article\",\"isPartOf\":{\"@id\":\"https:\/\/signal-fc.ch\/actualites\/information-de-lecole-de-football-au-02-11-2020\/\"},\"author\":{\"name\":\"Manu Lopez\",\"@id\":\"https:\/\/signal-fc.ch\/#\/schema\/person\/e79cba69a7c986c7613b14f454a7456f\"},\"headline\":\"INFORMATION de L&rsquo;Ecole de football au 02.11.2020\",\"datePublished\":\"2020-11-02T08:54:58+00:00\",\"dateModified\":\"2020-11-02T08:56:43+00:00\",\"mainEntityOfPage\":{\"@id\":\"https:\/\/signal-fc.ch\/actualites\/information-de-lecole-de-football-au-02-11-2020\/\"},\"wordCount\":168,\"commentCount\":0,\"publisher\":{\"@id\":\"https:\/\/signal-fc.ch\/#organization\"},\"image\":{\"@id\":\"https:\/\/signal-fc.ch\/actualites\/information-de-lecole-de-football-au-02-11-2020\/#primaryimage\"},\"thumbnailUrl\":\"https:\/\/signal-fc.ch\/wp-content\/uploads\/2018\/08\/ecole_de_foot-e1533886823973.jpeg\",\"articleSection\":[\"Actualit\u00e9s\",\"Actualit\u00e9s de l'Ecole de Foot\"],\"inLanguage\":\"fr-FR\",\"potentialAction\":[{\"@type\":\"CommentAction\",\"name\":\"Comment\",\"target\":[\"https:\/\/signal-fc.ch\/actualites\/information-de-lecole-de-football-au-02-11-2020\/#respond\"]}]},{\"@type\":\"WebPage\",\"@id\":\"https:\/\/signal-fc.ch\/actualites\/information-de-lecole-de-football-au-02-11-2020\/\",\"url\":\"https:\/\/signal-fc.ch\/actualites\/information-de-lecole-de-football-au-02-11-2020\/\",\"name\":\"INFORMATION de L'Ecole de football au 02.11.2020 - Signal FC\",\"isPartOf\":{\"@id\":\"https:\/\/signal-fc.ch\/#website\"},\"primaryImageOfPage\":{\"@id\":\"https:\/\/signal-fc.ch\/actualites\/information-de-lecole-de-football-au-02-11-2020\/#primaryimage\"},\"image\":{\"@id\":\"https:\/\/signal-fc.ch\/actualites\/information-de-lecole-de-football-au-02-11-2020\/#primaryimage\"},\"thumbnailUrl\":\"https:\/\/signal-fc.ch\/wp-content\/uploads\/2018\/08\/ecole_de_foot-e1533886823973.jpeg\",\"datePublished\":\"2020-11-02T08:54:58+00:00\",\"dateModified\":\"2020-11-02T08:56:43+00:00\",\"breadcrumb\":{\"@id\":\"https:\/\/signal-fc.ch\/actualites\/information-de-lecole-de-football-au-02-11-2020\/#breadcrumb\"},\"inLanguage\":\"fr-FR\",\"potentialAction\":[{\"@type\":\"ReadAction\",\"target\":[\"https:\/\/signal-fc.ch\/actualites\/information-de-lecole-de-football-au-02-11-2020\/\"]}]},{\"@type\":\"ImageObject\",\"inLanguage\":\"fr-FR\",\"@id\":\"https:\/\/signal-fc.ch\/actualites\/information-de-lecole-de-football-au-02-11-2020\/#primaryimage\",\"url\":\"https:\/\/signal-fc.ch\/wp-content\/uploads\/2018\/08\/ecole_de_foot-e1533886823973.jpeg\",\"contentUrl\":\"https:\/\/signal-fc.ch\/wp-content\/uploads\/2018\/08\/ecole_de_foot-e1533886823973.jpeg\",\"width\":300,\"height\":288},{\"@type\":\"BreadcrumbList\",\"@id\":\"https:\/\/signal-fc.ch\/actualites\/information-de-lecole-de-football-au-02-11-2020\/#breadcrumb\",\"itemListElement\":[{\"@type\":\"ListItem\",\"position\":1,\"name\":\"Accueil\",\"item\":\"https:\/\/signal-fc.ch\/\"},{\"@type\":\"ListItem\",\"position\":2,\"name\":\"INFORMATION de L&rsquo;Ecole de football au 02.11.2020\"}]},{\"@type\":\"WebSite\",\"@id\":\"https:\/\/signal-fc.ch\/#website\",\"url\":\"https:\/\/signal-fc.ch\/\",\"name\":\"Signal FC Bernex-Confignon\",\"description\":\"\u00c9cole de Foot \u00e0 Bernex\",\"publisher\":{\"@id\":\"https:\/\/signal-fc.ch\/#organization\"},\"potentialAction\":[{\"@type\":\"SearchAction\",\"target\":{\"@type\":\"EntryPoint\",\"urlTemplate\":\"https:\/\/signal-fc.ch\/?s={search_term_string}\"},\"query-input\":{\"@type\":\"PropertyValueSpecification\",\"valueRequired\":true,\"valueName\":\"search_term_string\"}}],\"inLanguage\":\"fr-FR\"},{\"@type\":\"Organization\",\"@id\":\"https:\/\/signal-fc.ch\/#organization\",\"name\":\"Signal FC Bernex-Confignon\",\"url\":\"https:\/\/signal-fc.ch\/\",\"logo\":{\"@type\":\"ImageObject\",\"inLanguage\":\"fr-FR\",\"@id\":\"https:\/\/signal-fc.ch\/#\/schema\/logo\/image\/\",\"url\":\"https:\/\/signal-fc.ch\/wp-content\/uploads\/2018\/06\/cropped-signal-fc-logo_h.png\",\"contentUrl\":\"https:\/\/signal-fc.ch\/wp-content\/uploads\/2018\/06\/cropped-signal-fc-logo_h.png\",\"width\":512,\"height\":512,\"caption\":\"Signal FC Bernex-Confignon\"},\"image\":{\"@id\":\"https:\/\/signal-fc.ch\/#\/schema\/logo\/image\/\"},\"sameAs\":[\"https:\/\/www.facebook.com\/signalfc.ch\"]},{\"@type\":\"Person\",\"@id\":\"https:\/\/signal-fc.ch\/#\/schema\/person\/e79cba69a7c986c7613b14f454a7456f\",\"name\":\"Manu Lopez\",\"image\":{\"@type\":\"ImageObject\",\"inLanguage\":\"fr-FR\",\"@id\":\"https:\/\/secure.gravatar.com\/avatar\/d5f16101c11df02dad7afd8dcd4a5e43a95d88969758c7ea8c462ca6800ab3a1?s=96&d=mm&r=g\",\"url\":\"https:\/\/secure.gravatar.com\/avatar\/d5f16101c11df02dad7afd8dcd4a5e43a95d88969758c7ea8c462ca6800ab3a1?s=96&d=mm&r=g\",\"contentUrl\":\"https:\/\/secure.gravatar.com\/avatar\/d5f16101c11df02dad7afd8dcd4a5e43a95d88969758c7ea8c462ca6800ab3a1?s=96&d=mm&r=g\",\"caption\":\"Manu Lopez\"}}]}<\/script>\n<!-- \/ Yoast SEO plugin. -->","yoast_head_json":{"title":"INFORMATION de L'Ecole de football au 02.11.2020 - Signal FC","robots":{"index":"index","follow":"follow","max-snippet":"max-snippet:-1","max-image-preview":"max-image-preview:large","max-video-preview":"max-video-preview:-1"},"canonical":"https:\/\/signal-fc.ch\/actualites\/information-de-lecole-de-football-au-02-11-2020\/","og_locale":"fr_FR","og_type":"article","og_title":"INFORMATION de L'Ecole de football au 02.11.2020 - Signal FC","og_description":"INFORMATION de L&rsquo;Ecole de football au 02.11.2020 Chers parents, joueuses et joueurs, A ce jour, nous sommes toujours en contact avec les autorit\u00e9s communales et cantonales pour la reprise de l&rsquo;\u00e9cole de football. Vous n&rsquo;\u00eates pas sans savoir que toutes une s\u00e9rie de restrictions conditionnent le red\u00e9marrage de notre activit\u00e9 ceci afin de pr\u00e9server la&hellip;","og_url":"https:\/\/signal-fc.ch\/actualites\/information-de-lecole-de-football-au-02-11-2020\/","og_site_name":"Signal FC","article_publisher":"https:\/\/www.facebook.com\/signalfc.ch","article_published_time":"2020-11-02T08:54:58+00:00","article_modified_time":"2020-11-02T08:56:43+00:00","og_image":[{"width":300,"height":288,"url":"https:\/\/signal-fc.ch\/wp-content\/uploads\/2018\/08\/ecole_de_foot-e1533886823973.jpeg","type":"image\/jpeg"}],"author":"Manu Lopez","twitter_card":"summary_large_image","twitter_misc":{"\u00c9crit par":"Manu Lopez","Dur\u00e9e de lecture estim\u00e9e":"1 minute"},"schema":{"@context":"https:\/\/schema.org","@graph":[{"@type":"Article","@id":"https:\/\/signal-fc.ch\/actualites\/information-de-lecole-de-football-au-02-11-2020\/#article","isPartOf":{"@id":"https:\/\/signal-fc.ch\/actualites\/information-de-lecole-de-football-au-02-11-2020\/"},"author":{"name":"Manu Lopez","@id":"https:\/\/signal-fc.ch\/#\/schema\/person\/e79cba69a7c986c7613b14f454a7456f"},"headline":"INFORMATION de L&rsquo;Ecole de football au 02.11.2020","datePublished":"2020-11-02T08:54:58+00:00","dateModified":"2020-11-02T08:56:43+00:00","mainEntityOfPage":{"@id":"https:\/\/signal-fc.ch\/actualites\/information-de-lecole-de-football-au-02-11-2020\/"},"wordCount":168,"commentCount":0,"publisher":{"@id":"https:\/\/signal-fc.ch\/#organization"},"image":{"@id":"https:\/\/signal-fc.ch\/actualites\/information-de-lecole-de-football-au-02-11-2020\/#primaryimage"},"thumbnailUrl":"https:\/\/signal-fc.ch\/wp-content\/uploads\/2018\/08\/ecole_de_foot-e1533886823973.jpeg","articleSection":["Actualit\u00e9s","Actualit\u00e9s de l'Ecole de Foot"],"inLanguage":"fr-FR","potentialAction":[{"@type":"CommentAction","name":"Comment","target":["https:\/\/signal-fc.ch\/actualites\/information-de-lecole-de-football-au-02-11-2020\/#respond"]}]},{"@type":"WebPage","@id":"https:\/\/signal-fc.ch\/actualites\/information-de-lecole-de-football-au-02-11-2020\/","url":"https:\/\/signal-fc.ch\/actualites\/information-de-lecole-de-football-au-02-11-2020\/","name":"INFORMATION de L'Ecole de football au 02.11.2020 - Signal FC","isPartOf":{"@id":"https:\/\/signal-fc.ch\/#website"},"primaryImageOfPage":{"@id":"https:\/\/signal-fc.ch\/actualites\/information-de-lecole-de-football-au-02-11-2020\/#primaryimage"},"image":{"@id":"https:\/\/signal-fc.ch\/actualites\/information-de-lecole-de-football-au-02-11-2020\/#primaryimage"},"thumbnailUrl":"https:\/\/signal-fc.ch\/wp-content\/uploads\/2018\/08\/ecole_de_foot-e1533886823973.jpeg","datePublished":"2020-11-02T08:54:58+00:00","dateModified":"2020-11-02T08:56:43+00:00","breadcrumb":{"@id":"https:\/\/signal-fc.ch\/actualites\/information-de-lecole-de-football-au-02-11-2020\/#breadcrumb"},"inLanguage":"fr-FR","potentialAction":[{"@type":"ReadAction","target":["https:\/\/signal-fc.ch\/actualites\/information-de-lecole-de-football-au-02-11-2020\/"]}]},{"@type":"ImageObject","inLanguage":"fr-FR","@id":"https:\/\/signal-fc.ch\/actualites\/information-de-lecole-de-football-au-02-11-2020\/#primaryimage","url":"https:\/\/signal-fc.ch\/wp-content\/uploads\/2018\/08\/ecole_de_foot-e1533886823973.jpeg","contentUrl":"https:\/\/signal-fc.ch\/wp-content\/uploads\/2018\/08\/ecole_de_foot-e1533886823973.jpeg","width":300,"height":288},{"@type":"BreadcrumbList","@id":"https:\/\/signal-fc.ch\/actualites\/information-de-lecole-de-football-au-02-11-2020\/#breadcrumb","itemListElement":[{"@type":"ListItem","position":1,"name":"Accueil","item":"https:\/\/signal-fc.ch\/"},{"@type":"ListItem","position":2,"name":"INFORMATION de L&rsquo;Ecole de football au 02.11.2020"}]},{"@type":"WebSite","@id":"https:\/\/signal-fc.ch\/#website","url":"https:\/\/signal-fc.ch\/","name":"Signal FC Bernex-Confignon","description":"\u00c9cole de Foot \u00e0 Bernex","publisher":{"@id":"https:\/\/signal-fc.ch\/#organization"},"potentialAction":[{"@type":"SearchAction","target":{"@type":"EntryPoint","urlTemplate":"https:\/\/signal-fc.ch\/?s={search_term_string}"},"query-input":{"@type":"PropertyValueSpecification","valueRequired":true,"valueName":"search_term_string"}}],"inLanguage":"fr-FR"},{"@type":"Organization","@id":"https:\/\/signal-fc.ch\/#organization","name":"Signal FC Bernex-Confignon","url":"https:\/\/signal-fc.ch\/","logo":{"@type":"ImageObject","inLanguage":"fr-FR","@id":"https:\/\/signal-fc.ch\/#\/schema\/logo\/image\/","url":"https:\/\/signal-fc.ch\/wp-content\/uploads\/2018\/06\/cropped-signal-fc-logo_h.png","contentUrl":"https:\/\/signal-fc.ch\/wp-content\/uploads\/2018\/06\/cropped-signal-fc-logo_h.png","width":512,"height":512,"caption":"Signal FC Bernex-Confignon"},"image":{"@id":"https:\/\/signal-fc.ch\/#\/schema\/logo\/image\/"},"sameAs":["https:\/\/www.facebook.com\/signalfc.ch"]},{"@type":"Person","@id":"https:\/\/signal-fc.ch\/#\/schema\/person\/e79cba69a7c986c7613b14f454a7456f","name":"Manu Lopez","image":{"@type":"ImageObject","inLanguage":"fr-FR","@id":"https:\/\/secure.gravatar.com\/avatar\/d5f16101c11df02dad7afd8dcd4a5e43a95d88969758c7ea8c462ca6800ab3a1?s=96&d=mm&r=g","url":"https:\/\/secure.gravatar.com\/avatar\/d5f16101c11df02dad7afd8dcd4a5e43a95d88969758c7ea8c462ca6800ab3a1?s=96&d=mm&r=g","contentUrl":"https:\/\/secure.gravatar.com\/avatar\/d5f16101c11df02dad7afd8dcd4a5e43a95d88969758c7ea8c462ca6800ab3a1?s=96&d=mm&r=g","caption":"Manu Lopez"}}]}},"publishpress_future_action":{"enabled":false,"date":"2026-05-04 08:03:10","action":"change-status","newStatus":"draft","terms":[],"taxonomy":"category","extraData":[]},"publishpress_future_workflow_manual_trigger":{"enabledWorkflows":[]},"_links":{"self":[{"href":"https:\/\/signal-fc.ch\/json\/wp\/v2\/posts\/18656","targetHints":{"allow":["GET"]}}],"collection":[{"href":"https:\/\/signal-fc.ch\/json\/wp\/v2\/posts"}],"about":[{"href":"https:\/\/signal-fc.ch\/json\/wp\/v2\/types\/post"}],"author":[{"embeddable":true,"href":"https:\/\/signal-fc.ch\/json\/wp\/v2\/users\/2"}],"replies":[{"embeddable":true,"href":"https:\/\/signal-fc.ch\/json\/wp\/v2\/comments?post=18656"}],"version-history":[{"count":0,"href":"https:\/\/signal-fc.ch\/json\/wp\/v2\/posts\/18656\/revisions"}],"wp:featuredmedia":[{"embeddable":true,"href":"https:\/\/signal-fc.ch\/json\/wp\/v2\/media\/1567"}],"wp:attachment":[{"href":"https:\/\/signal-fc.ch\/json\/wp\/v2\/media?parent=18656"}],"wp:term":[{"taxonomy":"category","embeddable":true,"href":"https:\/\/signal-fc.ch\/json\/wp\/v2\/categories?post=18656"},{"taxonomy":"post_tag","embeddable":true,"href":"https:\/\/signal-fc.ch\/json\/wp\/v2\/tags?post=18656"}],"curies":[{"name":"wp","href":"https:\/\/api.w.org\/{rel}","templated":true}]}}