{"id":18648,"date":"2020-10-30T10:15:07","date_gmt":"2020-10-30T09:15:07","guid":{"rendered":"https:\/\/signal-fc.ch\/?p=18648"},"modified":"2020-10-30T10:26:30","modified_gmt":"2020-10-30T09:26:30","slug":"chers-joueurs-chers-joueuses-chers-parents","status":"publish","type":"post","link":"https:\/\/signal-fc.ch\/actualites\/chers-joueurs-chers-joueuses-chers-parents\/","title":{"rendered":"Chers Joueurs Chers Joueuses Chers parents"},"content":{"rendered":"<h3>Chers Joueurs, Chers Joueuses,\u00a0Chers parents,<\/h3>\n<h3>Comme vous l&rsquo;avez appris par la presse, les activit\u00e9s sportives pour les enfants de moins de 12 ans devraient pouvoir reprendre.<\/h3>\n<h3>A ce jour, nous attendons la d\u00e9cision des autorit\u00e9s communales concernant la r\u00e9ouverture des installations sportives de notre commune.<\/h3>\n<h3>Nous ne manquerons pas de vous tenir au courant d\u00e8s que des d\u00e9cisions formelles nous seront communiqu\u00e9es.<\/h3>\n<h3>Nous vous remercions pour votre compr\u00e9hension et nous nous r\u00e9jouissons d&rsquo;ores et d\u00e9j\u00e0 de vous revoir.<\/h3>\n<h3><\/h3>\n<p>Antoine Betran \/ resp EF \u2013 Pierre Jordi \u2013 responsable sportif<\/p>\n","protected":false},"excerpt":{"rendered":"<p>Chers Joueurs, Chers Joueuses,\u00a0Chers parents, Comme vous l&rsquo;avez appris par la presse, les activit\u00e9s sportives pour les enfants de moins de 12 ans devraient pouvoir reprendre. A ce jour, nous attendons la d\u00e9cision des autorit\u00e9s communales concernant la r\u00e9ouverture des installations sportives de notre commune. Nous ne manquerons pas de vous tenir au courant d\u00e8s&hellip;<\/p>\n","protected":false},"author":2,"featured_media":18655,"comment_status":"open","ping_status":"open","sticky":false,"template":"","format":"standard","meta":{"footnotes":""},"categories":[21],"tags":[],"class_list":["post-18648","post","type-post","status-publish","format-standard","has-post-thumbnail","hentry","category-actualites"],"yoast_head":"<!-- This site is optimized with the Yoast SEO plugin v27.2 - https:\/\/yoast.com\/product\/yoast-seo-wordpress\/ -->\n<title>Chers Joueurs Chers Joueuses Chers parents - Signal FC<\/title>\n<meta name=\"robots\" content=\"index, follow, max-snippet:-1, max-image-preview:large, max-video-preview:-1\" \/>\n<link rel=\"canonical\" href=\"https:\/\/signal-fc.ch\/actualites\/chers-joueurs-chers-joueuses-chers-parents\/\" \/>\n<meta property=\"og:locale\" content=\"fr_FR\" \/>\n<meta property=\"og:type\" content=\"article\" \/>\n<meta property=\"og:title\" content=\"Chers Joueurs Chers Joueuses Chers parents - Signal FC\" \/>\n<meta property=\"og:description\" content=\"Chers Joueurs, Chers Joueuses,\u00a0Chers parents, Comme vous l&rsquo;avez appris par la presse, les activit\u00e9s sportives pour les enfants de moins de 12 ans devraient pouvoir reprendre. A ce jour, nous attendons la d\u00e9cision des autorit\u00e9s communales concernant la r\u00e9ouverture des installations sportives de notre commune. Nous ne manquerons pas de vous tenir au courant d\u00e8s&hellip;\" \/>\n<meta property=\"og:url\" content=\"https:\/\/signal-fc.ch\/actualites\/chers-joueurs-chers-joueuses-chers-parents\/\" \/>\n<meta property=\"og:site_name\" content=\"Signal FC\" \/>\n<meta property=\"article:publisher\" content=\"https:\/\/www.facebook.com\/signalfc.ch\" \/>\n<meta property=\"article:published_time\" content=\"2020-10-30T09:15:07+00:00\" \/>\n<meta property=\"article:modified_time\" content=\"2020-10-30T09:26:30+00:00\" \/>\n<meta property=\"og:image\" content=\"https:\/\/signal-fc.ch\/wp-content\/uploads\/2020\/10\/enfant-foot.jpg\" \/>\n\t<meta property=\"og:image:width\" content=\"374\" \/>\n\t<meta property=\"og:image:height\" content=\"396\" \/>\n\t<meta property=\"og:image:type\" content=\"image\/jpeg\" \/>\n<meta name=\"author\" content=\"Manu Lopez\" \/>\n<meta name=\"twitter:card\" content=\"summary_large_image\" \/>\n<meta name=\"twitter:label1\" content=\"\u00c9crit par\" \/>\n\t<meta name=\"twitter:data1\" content=\"Manu Lopez\" \/>\n<script type=\"application\/ld+json\" class=\"yoast-schema-graph\">{\"@context\":\"https:\/\/schema.org\",\"@graph\":[{\"@type\":\"Article\",\"@id\":\"https:\/\/signal-fc.ch\/actualites\/chers-joueurs-chers-joueuses-chers-parents\/#article\",\"isPartOf\":{\"@id\":\"https:\/\/signal-fc.ch\/actualites\/chers-joueurs-chers-joueuses-chers-parents\/\"},\"author\":{\"name\":\"Manu Lopez\",\"@id\":\"https:\/\/signal-fc.ch\/#\/schema\/person\/e79cba69a7c986c7613b14f454a7456f\"},\"headline\":\"Chers Joueurs Chers Joueuses Chers parents\",\"datePublished\":\"2020-10-30T09:15:07+00:00\",\"dateModified\":\"2020-10-30T09:26:30+00:00\",\"mainEntityOfPage\":{\"@id\":\"https:\/\/signal-fc.ch\/actualites\/chers-joueurs-chers-joueuses-chers-parents\/\"},\"wordCount\":104,\"commentCount\":0,\"publisher\":{\"@id\":\"https:\/\/signal-fc.ch\/#organization\"},\"image\":{\"@id\":\"https:\/\/signal-fc.ch\/actualites\/chers-joueurs-chers-joueuses-chers-parents\/#primaryimage\"},\"thumbnailUrl\":\"https:\/\/signal-fc.ch\/wp-content\/uploads\/2020\/10\/enfant-foot.jpg\",\"articleSection\":[\"Actualit\u00e9s\"],\"inLanguage\":\"fr-FR\",\"potentialAction\":[{\"@type\":\"CommentAction\",\"name\":\"Comment\",\"target\":[\"https:\/\/signal-fc.ch\/actualites\/chers-joueurs-chers-joueuses-chers-parents\/#respond\"]}]},{\"@type\":\"WebPage\",\"@id\":\"https:\/\/signal-fc.ch\/actualites\/chers-joueurs-chers-joueuses-chers-parents\/\",\"url\":\"https:\/\/signal-fc.ch\/actualites\/chers-joueurs-chers-joueuses-chers-parents\/\",\"name\":\"Chers Joueurs Chers Joueuses Chers parents - Signal FC\",\"isPartOf\":{\"@id\":\"https:\/\/signal-fc.ch\/#website\"},\"primaryImageOfPage\":{\"@id\":\"https:\/\/signal-fc.ch\/actualites\/chers-joueurs-chers-joueuses-chers-parents\/#primaryimage\"},\"image\":{\"@id\":\"https:\/\/signal-fc.ch\/actualites\/chers-joueurs-chers-joueuses-chers-parents\/#primaryimage\"},\"thumbnailUrl\":\"https:\/\/signal-fc.ch\/wp-content\/uploads\/2020\/10\/enfant-foot.jpg\",\"datePublished\":\"2020-10-30T09:15:07+00:00\",\"dateModified\":\"2020-10-30T09:26:30+00:00\",\"breadcrumb\":{\"@id\":\"https:\/\/signal-fc.ch\/actualites\/chers-joueurs-chers-joueuses-chers-parents\/#breadcrumb\"},\"inLanguage\":\"fr-FR\",\"potentialAction\":[{\"@type\":\"ReadAction\",\"target\":[\"https:\/\/signal-fc.ch\/actualites\/chers-joueurs-chers-joueuses-chers-parents\/\"]}]},{\"@type\":\"ImageObject\",\"inLanguage\":\"fr-FR\",\"@id\":\"https:\/\/signal-fc.ch\/actualites\/chers-joueurs-chers-joueuses-chers-parents\/#primaryimage\",\"url\":\"https:\/\/signal-fc.ch\/wp-content\/uploads\/2020\/10\/enfant-foot.jpg\",\"contentUrl\":\"https:\/\/signal-fc.ch\/wp-content\/uploads\/2020\/10\/enfant-foot.jpg\",\"width\":374,\"height\":396},{\"@type\":\"BreadcrumbList\",\"@id\":\"https:\/\/signal-fc.ch\/actualites\/chers-joueurs-chers-joueuses-chers-parents\/#breadcrumb\",\"itemListElement\":[{\"@type\":\"ListItem\",\"position\":1,\"name\":\"Accueil\",\"item\":\"https:\/\/signal-fc.ch\/\"},{\"@type\":\"ListItem\",\"position\":2,\"name\":\"Chers Joueurs Chers Joueuses Chers parents\"}]},{\"@type\":\"WebSite\",\"@id\":\"https:\/\/signal-fc.ch\/#website\",\"url\":\"https:\/\/signal-fc.ch\/\",\"name\":\"Signal FC Bernex-Confignon\",\"description\":\"\u00c9cole de Foot \u00e0 Bernex\",\"publisher\":{\"@id\":\"https:\/\/signal-fc.ch\/#organization\"},\"potentialAction\":[{\"@type\":\"SearchAction\",\"target\":{\"@type\":\"EntryPoint\",\"urlTemplate\":\"https:\/\/signal-fc.ch\/?s={search_term_string}\"},\"query-input\":{\"@type\":\"PropertyValueSpecification\",\"valueRequired\":true,\"valueName\":\"search_term_string\"}}],\"inLanguage\":\"fr-FR\"},{\"@type\":\"Organization\",\"@id\":\"https:\/\/signal-fc.ch\/#organization\",\"name\":\"Signal FC Bernex-Confignon\",\"url\":\"https:\/\/signal-fc.ch\/\",\"logo\":{\"@type\":\"ImageObject\",\"inLanguage\":\"fr-FR\",\"@id\":\"https:\/\/signal-fc.ch\/#\/schema\/logo\/image\/\",\"url\":\"https:\/\/signal-fc.ch\/wp-content\/uploads\/2018\/06\/cropped-signal-fc-logo_h.png\",\"contentUrl\":\"https:\/\/signal-fc.ch\/wp-content\/uploads\/2018\/06\/cropped-signal-fc-logo_h.png\",\"width\":512,\"height\":512,\"caption\":\"Signal FC Bernex-Confignon\"},\"image\":{\"@id\":\"https:\/\/signal-fc.ch\/#\/schema\/logo\/image\/\"},\"sameAs\":[\"https:\/\/www.facebook.com\/signalfc.ch\"]},{\"@type\":\"Person\",\"@id\":\"https:\/\/signal-fc.ch\/#\/schema\/person\/e79cba69a7c986c7613b14f454a7456f\",\"name\":\"Manu Lopez\",\"image\":{\"@type\":\"ImageObject\",\"inLanguage\":\"fr-FR\",\"@id\":\"https:\/\/secure.gravatar.com\/avatar\/d5f16101c11df02dad7afd8dcd4a5e43a95d88969758c7ea8c462ca6800ab3a1?s=96&d=mm&r=g\",\"url\":\"https:\/\/secure.gravatar.com\/avatar\/d5f16101c11df02dad7afd8dcd4a5e43a95d88969758c7ea8c462ca6800ab3a1?s=96&d=mm&r=g\",\"contentUrl\":\"https:\/\/secure.gravatar.com\/avatar\/d5f16101c11df02dad7afd8dcd4a5e43a95d88969758c7ea8c462ca6800ab3a1?s=96&d=mm&r=g\",\"caption\":\"Manu Lopez\"}}]}<\/script>\n<!-- \/ Yoast SEO plugin. -->","yoast_head_json":{"title":"Chers Joueurs Chers Joueuses Chers parents - Signal FC","robots":{"index":"index","follow":"follow","max-snippet":"max-snippet:-1","max-image-preview":"max-image-preview:large","max-video-preview":"max-video-preview:-1"},"canonical":"https:\/\/signal-fc.ch\/actualites\/chers-joueurs-chers-joueuses-chers-parents\/","og_locale":"fr_FR","og_type":"article","og_title":"Chers Joueurs Chers Joueuses Chers parents - Signal FC","og_description":"Chers Joueurs, Chers Joueuses,\u00a0Chers parents, Comme vous l&rsquo;avez appris par la presse, les activit\u00e9s sportives pour les enfants de moins de 12 ans devraient pouvoir reprendre. A ce jour, nous attendons la d\u00e9cision des autorit\u00e9s communales concernant la r\u00e9ouverture des installations sportives de notre commune. Nous ne manquerons pas de vous tenir au courant d\u00e8s&hellip;","og_url":"https:\/\/signal-fc.ch\/actualites\/chers-joueurs-chers-joueuses-chers-parents\/","og_site_name":"Signal FC","article_publisher":"https:\/\/www.facebook.com\/signalfc.ch","article_published_time":"2020-10-30T09:15:07+00:00","article_modified_time":"2020-10-30T09:26:30+00:00","og_image":[{"width":374,"height":396,"url":"https:\/\/signal-fc.ch\/wp-content\/uploads\/2020\/10\/enfant-foot.jpg","type":"image\/jpeg"}],"author":"Manu Lopez","twitter_card":"summary_large_image","twitter_misc":{"\u00c9crit par":"Manu Lopez"},"schema":{"@context":"https:\/\/schema.org","@graph":[{"@type":"Article","@id":"https:\/\/signal-fc.ch\/actualites\/chers-joueurs-chers-joueuses-chers-parents\/#article","isPartOf":{"@id":"https:\/\/signal-fc.ch\/actualites\/chers-joueurs-chers-joueuses-chers-parents\/"},"author":{"name":"Manu Lopez","@id":"https:\/\/signal-fc.ch\/#\/schema\/person\/e79cba69a7c986c7613b14f454a7456f"},"headline":"Chers Joueurs Chers Joueuses Chers parents","datePublished":"2020-10-30T09:15:07+00:00","dateModified":"2020-10-30T09:26:30+00:00","mainEntityOfPage":{"@id":"https:\/\/signal-fc.ch\/actualites\/chers-joueurs-chers-joueuses-chers-parents\/"},"wordCount":104,"commentCount":0,"publisher":{"@id":"https:\/\/signal-fc.ch\/#organization"},"image":{"@id":"https:\/\/signal-fc.ch\/actualites\/chers-joueurs-chers-joueuses-chers-parents\/#primaryimage"},"thumbnailUrl":"https:\/\/signal-fc.ch\/wp-content\/uploads\/2020\/10\/enfant-foot.jpg","articleSection":["Actualit\u00e9s"],"inLanguage":"fr-FR","potentialAction":[{"@type":"CommentAction","name":"Comment","target":["https:\/\/signal-fc.ch\/actualites\/chers-joueurs-chers-joueuses-chers-parents\/#respond"]}]},{"@type":"WebPage","@id":"https:\/\/signal-fc.ch\/actualites\/chers-joueurs-chers-joueuses-chers-parents\/","url":"https:\/\/signal-fc.ch\/actualites\/chers-joueurs-chers-joueuses-chers-parents\/","name":"Chers Joueurs Chers Joueuses Chers parents - Signal FC","isPartOf":{"@id":"https:\/\/signal-fc.ch\/#website"},"primaryImageOfPage":{"@id":"https:\/\/signal-fc.ch\/actualites\/chers-joueurs-chers-joueuses-chers-parents\/#primaryimage"},"image":{"@id":"https:\/\/signal-fc.ch\/actualites\/chers-joueurs-chers-joueuses-chers-parents\/#primaryimage"},"thumbnailUrl":"https:\/\/signal-fc.ch\/wp-content\/uploads\/2020\/10\/enfant-foot.jpg","datePublished":"2020-10-30T09:15:07+00:00","dateModified":"2020-10-30T09:26:30+00:00","breadcrumb":{"@id":"https:\/\/signal-fc.ch\/actualites\/chers-joueurs-chers-joueuses-chers-parents\/#breadcrumb"},"inLanguage":"fr-FR","potentialAction":[{"@type":"ReadAction","target":["https:\/\/signal-fc.ch\/actualites\/chers-joueurs-chers-joueuses-chers-parents\/"]}]},{"@type":"ImageObject","inLanguage":"fr-FR","@id":"https:\/\/signal-fc.ch\/actualites\/chers-joueurs-chers-joueuses-chers-parents\/#primaryimage","url":"https:\/\/signal-fc.ch\/wp-content\/uploads\/2020\/10\/enfant-foot.jpg","contentUrl":"https:\/\/signal-fc.ch\/wp-content\/uploads\/2020\/10\/enfant-foot.jpg","width":374,"height":396},{"@type":"BreadcrumbList","@id":"https:\/\/signal-fc.ch\/actualites\/chers-joueurs-chers-joueuses-chers-parents\/#breadcrumb","itemListElement":[{"@type":"ListItem","position":1,"name":"Accueil","item":"https:\/\/signal-fc.ch\/"},{"@type":"ListItem","position":2,"name":"Chers Joueurs Chers Joueuses Chers parents"}]},{"@type":"WebSite","@id":"https:\/\/signal-fc.ch\/#website","url":"https:\/\/signal-fc.ch\/","name":"Signal FC Bernex-Confignon","description":"\u00c9cole de Foot \u00e0 Bernex","publisher":{"@id":"https:\/\/signal-fc.ch\/#organization"},"potentialAction":[{"@type":"SearchAction","target":{"@type":"EntryPoint","urlTemplate":"https:\/\/signal-fc.ch\/?s={search_term_string}"},"query-input":{"@type":"PropertyValueSpecification","valueRequired":true,"valueName":"search_term_string"}}],"inLanguage":"fr-FR"},{"@type":"Organization","@id":"https:\/\/signal-fc.ch\/#organization","name":"Signal FC Bernex-Confignon","url":"https:\/\/signal-fc.ch\/","logo":{"@type":"ImageObject","inLanguage":"fr-FR","@id":"https:\/\/signal-fc.ch\/#\/schema\/logo\/image\/","url":"https:\/\/signal-fc.ch\/wp-content\/uploads\/2018\/06\/cropped-signal-fc-logo_h.png","contentUrl":"https:\/\/signal-fc.ch\/wp-content\/uploads\/2018\/06\/cropped-signal-fc-logo_h.png","width":512,"height":512,"caption":"Signal FC Bernex-Confignon"},"image":{"@id":"https:\/\/signal-fc.ch\/#\/schema\/logo\/image\/"},"sameAs":["https:\/\/www.facebook.com\/signalfc.ch"]},{"@type":"Person","@id":"https:\/\/signal-fc.ch\/#\/schema\/person\/e79cba69a7c986c7613b14f454a7456f","name":"Manu Lopez","image":{"@type":"ImageObject","inLanguage":"fr-FR","@id":"https:\/\/secure.gravatar.com\/avatar\/d5f16101c11df02dad7afd8dcd4a5e43a95d88969758c7ea8c462ca6800ab3a1?s=96&d=mm&r=g","url":"https:\/\/secure.gravatar.com\/avatar\/d5f16101c11df02dad7afd8dcd4a5e43a95d88969758c7ea8c462ca6800ab3a1?s=96&d=mm&r=g","contentUrl":"https:\/\/secure.gravatar.com\/avatar\/d5f16101c11df02dad7afd8dcd4a5e43a95d88969758c7ea8c462ca6800ab3a1?s=96&d=mm&r=g","caption":"Manu Lopez"}}]}},"publishpress_future_action":{"enabled":false,"date":"2026-05-04 09:17:21","action":"change-status","newStatus":"draft","terms":[],"taxonomy":"category","extraData":[]},"publishpress_future_workflow_manual_trigger":{"enabledWorkflows":[]},"_links":{"self":[{"href":"https:\/\/signal-fc.ch\/json\/wp\/v2\/posts\/18648","targetHints":{"allow":["GET"]}}],"collection":[{"href":"https:\/\/signal-fc.ch\/json\/wp\/v2\/posts"}],"about":[{"href":"https:\/\/signal-fc.ch\/json\/wp\/v2\/types\/post"}],"author":[{"embeddable":true,"href":"https:\/\/signal-fc.ch\/json\/wp\/v2\/users\/2"}],"replies":[{"embeddable":true,"href":"https:\/\/signal-fc.ch\/json\/wp\/v2\/comments?post=18648"}],"version-history":[{"count":0,"href":"https:\/\/signal-fc.ch\/json\/wp\/v2\/posts\/18648\/revisions"}],"wp:featuredmedia":[{"embeddable":true,"href":"https:\/\/signal-fc.ch\/json\/wp\/v2\/media\/18655"}],"wp:attachment":[{"href":"https:\/\/signal-fc.ch\/json\/wp\/v2\/media?parent=18648"}],"wp:term":[{"taxonomy":"category","embeddable":true,"href":"https:\/\/signal-fc.ch\/json\/wp\/v2\/categories?post=18648"},{"taxonomy":"post_tag","embeddable":true,"href":"https:\/\/signal-fc.ch\/json\/wp\/v2\/tags?post=18648"}],"curies":[{"name":"wp","href":"https:\/\/api.w.org\/{rel}","templated":true}]}}