{"id":13864,"date":"2019-10-02T10:45:34","date_gmt":"2019-10-02T08:45:34","guid":{"rendered":"https:\/\/signal-fc.ch\/?p=13864"},"modified":"2019-10-02T14:29:18","modified_gmt":"2019-10-02T12:29:18","slug":"camps-de-football-socio-educatifs","status":"publish","type":"post","link":"https:\/\/signal-fc.ch\/actualites\/camps-de-football-socio-educatifs\/","title":{"rendered":"CAMPS DE FOOTBALL &#8211; Socio-\u00e9ducatifs"},"content":{"rendered":"<p>CAMPS DE FOOTBALL<\/p>\n<p>Pour sa premi\u00e8re \u00e9dition dans la commune de Bernex-Confignon, l&rsquo;association le COEUR DANS LE BALLON ORGANISE LE CAMP de football socio-\u00e9ducatifs, en collaboration avec le SIGNAL FC. Ce camp est une opportunit\u00e9 \u00e0 tous les passionn\u00e9s du football, filles et gar\u00e7ons de 3 \u00e0 16 ans de partager et vivre leur passion durant les vacances de la Toussaint, sous la direction de Jean-Fran\u00e7ois Bell ancien footbaleur professionnel reconnu pour son savoir-faire et la qualit\u00e9 de sa formation.<\/p>\n<p>Au-del\u00e0 de la pratique du football, les camps F.S.E ont pour but d&rsquo;inculquer aux stagiaires les valeurs de la vie en groupe :<\/p>\n<p>Ces camps de football sont organis\u00e9s au satde Municipal de Bernex chemin du Signal 31 &#8211; 1233 Bernex.<\/p>\n<p>Durant la semaine des vacances de la Toussaint.<\/p>\n<h3 style=\"text-align: center;\">Du lundi 21 au vendredi 25 octobre 2019<\/h3>\n<p>Les Horaires sont de 9h \u00e0 16h30 :<\/p>\n<p>(Avec l&rsquo;accueil d\u00e8s 8h30 et un d\u00e9part au plus tard 16h45) et comporte une pause de midi de 11h45 \u00e0 13h30.<\/p>\n<p>Prix :<\/p>\n<p>250.- frs. par enfants d\u00e8s 5 \u00e0 16 ans par semaine pour les r\u00e9sidents de la commune de Bernex<\/p>\n<p>300.-frs. pour les enfants de 5 \u00e0 16 ans non r\u00e9sidents de la commune de Bernex<\/p>\n<p>150.-frs. pour les enfants de 3 \u00e0 4 ans demi-journ\u00e9e toute la semaine, r\u00e9sident de la commune de Bernex<\/p>\n<p>200.-frs. pour les enfants de 3 \u00e0 4 ans demi-journ\u00e9e toute la semaine non r\u00e9sidents de la commune de Bernex<\/p>\n<p>(le tarif sera d\u00e9duit de 25 frs. d\u00e8s la troisi\u00e8me inscription des enfants d&rsquo;une m\u00eame famille.)<\/p>\n<p>Ce prix comprend 5 jours de stage avec repas de midi et gouters, chaque participantse verra offrir un kit enfant sp\u00e9cial<\/p>\n<p><a href=\"mailto:lecoeurdansleballon@gmail.com\">lecoeurdansleballon@gmail.com\u00a0<\/a><\/p>\n<p>&nbsp;<\/p>\n<p><img decoding=\"async\" class=\"wp-image-13865 aligncenter\" src=\"https:\/\/signal-fc.ch\/wp-content\/uploads\/2019\/10\/fse-1-300x175.jpg\" alt=\"\" width=\"360\" height=\"210\" srcset=\"https:\/\/signal-fc.ch\/wp-content\/uploads\/2019\/10\/fse-1-300x175.jpg 300w, https:\/\/signal-fc.ch\/wp-content\/uploads\/2019\/10\/fse-1.jpg 676w\" sizes=\"(max-width: 360px) 100vw, 360px\" \/><\/p>\n<p>&nbsp;<\/p>\n<p>Notre devise le FOOTBALL MAIS&#8230; PAS QUE&#8230; A travers le sport le football en l&rsquo;occurrence, nous sommes d\u00e9sireux de participer \u00e0 notre fa\u00e7on \u00e0 non pas seulement divertir les enfants mais surtout les transmettre \u00e9galement des VALEURS de la vie en g\u00e9n\u00e9rale qui sont : RESPECT, COOP\u00c9RATION, VIVRE ENSEMBLE, TOL\u00c9RANCE, PARTAGE, PLAISIR par la P\u00c9DAGOGIE, L&rsquo;\u00c9COUTE et 1 \u00e0 2 fois la semaine, les intervenants professionnels selon le th\u00e8me qui sera choisi viendront SENSIBILISER sur (la sant\u00e9, nutrition, les jeux vid\u00e9os, les r\u00e9seaux sociaux, environnement, citoyennet\u00e9&#8230;. )<\/p>\n","protected":false},"excerpt":{"rendered":"<p>CAMPS DE FOOTBALL Pour sa premi\u00e8re \u00e9dition dans la commune de Bernex-Confignon, l&rsquo;association le COEUR DANS LE BALLON ORGANISE LE CAMP de football socio-\u00e9ducatifs, en collaboration avec le SIGNAL FC. Ce camp est une opportunit\u00e9 \u00e0 tous les passionn\u00e9s du football, filles et gar\u00e7ons de 3 \u00e0 16 ans de partager et vivre leur passion&hellip;<\/p>\n","protected":false},"author":2,"featured_media":13866,"comment_status":"open","ping_status":"open","sticky":false,"template":"","format":"standard","meta":{"footnotes":""},"categories":[21],"tags":[],"class_list":["post-13864","post","type-post","status-publish","format-standard","has-post-thumbnail","hentry","category-actualites"],"yoast_head":"<!-- This site is optimized with the Yoast SEO plugin v27.5 - https:\/\/yoast.com\/product\/yoast-seo-wordpress\/ -->\n<title>CAMPS DE FOOTBALL - Socio-\u00e9ducatifs - Signal FC<\/title>\n<meta name=\"robots\" content=\"index, follow, max-snippet:-1, max-image-preview:large, max-video-preview:-1\" \/>\n<link rel=\"canonical\" href=\"https:\/\/signal-fc.ch\/actualites\/camps-de-football-socio-educatifs\/\" \/>\n<meta property=\"og:locale\" content=\"fr_FR\" \/>\n<meta property=\"og:type\" content=\"article\" \/>\n<meta property=\"og:title\" content=\"CAMPS DE FOOTBALL - Socio-\u00e9ducatifs - Signal FC\" \/>\n<meta property=\"og:description\" content=\"CAMPS DE FOOTBALL Pour sa premi\u00e8re \u00e9dition dans la commune de Bernex-Confignon, l&rsquo;association le COEUR DANS LE BALLON ORGANISE LE CAMP de football socio-\u00e9ducatifs, en collaboration avec le SIGNAL FC. Ce camp est une opportunit\u00e9 \u00e0 tous les passionn\u00e9s du football, filles et gar\u00e7ons de 3 \u00e0 16 ans de partager et vivre leur passion&hellip;\" \/>\n<meta property=\"og:url\" content=\"https:\/\/signal-fc.ch\/actualites\/camps-de-football-socio-educatifs\/\" \/>\n<meta property=\"og:site_name\" content=\"Signal FC\" \/>\n<meta property=\"article:publisher\" content=\"https:\/\/www.facebook.com\/signalfc.ch\" \/>\n<meta property=\"article:published_time\" content=\"2019-10-02T08:45:34+00:00\" \/>\n<meta property=\"article:modified_time\" content=\"2019-10-02T12:29:18+00:00\" \/>\n<meta property=\"og:image\" content=\"https:\/\/signal-fc.ch\/wp-content\/uploads\/2019\/10\/fse.jpg\" \/>\n\t<meta property=\"og:image:width\" content=\"677\" \/>\n\t<meta property=\"og:image:height\" content=\"562\" \/>\n\t<meta property=\"og:image:type\" content=\"image\/jpeg\" \/>\n<meta name=\"author\" content=\"Manu Lopez\" \/>\n<meta name=\"twitter:card\" content=\"summary_large_image\" \/>\n<meta name=\"twitter:label1\" content=\"\u00c9crit par\" \/>\n\t<meta name=\"twitter:data1\" content=\"Manu Lopez\" \/>\n\t<meta name=\"twitter:label2\" content=\"Dur\u00e9e de lecture estim\u00e9e\" \/>\n\t<meta name=\"twitter:data2\" content=\"2 minutes\" \/>\n<script type=\"application\/ld+json\" class=\"yoast-schema-graph\">{\"@context\":\"https:\\\/\\\/schema.org\",\"@graph\":[{\"@type\":\"Article\",\"@id\":\"https:\\\/\\\/signal-fc.ch\\\/actualites\\\/camps-de-football-socio-educatifs\\\/#article\",\"isPartOf\":{\"@id\":\"https:\\\/\\\/signal-fc.ch\\\/actualites\\\/camps-de-football-socio-educatifs\\\/\"},\"author\":{\"name\":\"Manu Lopez\",\"@id\":\"https:\\\/\\\/signal-fc.ch\\\/#\\\/schema\\\/person\\\/e79cba69a7c986c7613b14f454a7456f\"},\"headline\":\"CAMPS DE FOOTBALL &#8211; Socio-\u00e9ducatifs\",\"datePublished\":\"2019-10-02T08:45:34+00:00\",\"dateModified\":\"2019-10-02T12:29:18+00:00\",\"mainEntityOfPage\":{\"@id\":\"https:\\\/\\\/signal-fc.ch\\\/actualites\\\/camps-de-football-socio-educatifs\\\/\"},\"wordCount\":380,\"commentCount\":0,\"publisher\":{\"@id\":\"https:\\\/\\\/signal-fc.ch\\\/#organization\"},\"image\":{\"@id\":\"https:\\\/\\\/signal-fc.ch\\\/actualites\\\/camps-de-football-socio-educatifs\\\/#primaryimage\"},\"thumbnailUrl\":\"https:\\\/\\\/signal-fc.ch\\\/wp-content\\\/uploads\\\/2019\\\/10\\\/fse.jpg\",\"articleSection\":[\"Actualit\u00e9s\"],\"inLanguage\":\"fr-FR\",\"potentialAction\":[{\"@type\":\"CommentAction\",\"name\":\"Comment\",\"target\":[\"https:\\\/\\\/signal-fc.ch\\\/actualites\\\/camps-de-football-socio-educatifs\\\/#respond\"]}]},{\"@type\":\"WebPage\",\"@id\":\"https:\\\/\\\/signal-fc.ch\\\/actualites\\\/camps-de-football-socio-educatifs\\\/\",\"url\":\"https:\\\/\\\/signal-fc.ch\\\/actualites\\\/camps-de-football-socio-educatifs\\\/\",\"name\":\"CAMPS DE FOOTBALL - Socio-\u00e9ducatifs - Signal FC\",\"isPartOf\":{\"@id\":\"https:\\\/\\\/signal-fc.ch\\\/#website\"},\"primaryImageOfPage\":{\"@id\":\"https:\\\/\\\/signal-fc.ch\\\/actualites\\\/camps-de-football-socio-educatifs\\\/#primaryimage\"},\"image\":{\"@id\":\"https:\\\/\\\/signal-fc.ch\\\/actualites\\\/camps-de-football-socio-educatifs\\\/#primaryimage\"},\"thumbnailUrl\":\"https:\\\/\\\/signal-fc.ch\\\/wp-content\\\/uploads\\\/2019\\\/10\\\/fse.jpg\",\"datePublished\":\"2019-10-02T08:45:34+00:00\",\"dateModified\":\"2019-10-02T12:29:18+00:00\",\"breadcrumb\":{\"@id\":\"https:\\\/\\\/signal-fc.ch\\\/actualites\\\/camps-de-football-socio-educatifs\\\/#breadcrumb\"},\"inLanguage\":\"fr-FR\",\"potentialAction\":[{\"@type\":\"ReadAction\",\"target\":[\"https:\\\/\\\/signal-fc.ch\\\/actualites\\\/camps-de-football-socio-educatifs\\\/\"]}]},{\"@type\":\"ImageObject\",\"inLanguage\":\"fr-FR\",\"@id\":\"https:\\\/\\\/signal-fc.ch\\\/actualites\\\/camps-de-football-socio-educatifs\\\/#primaryimage\",\"url\":\"https:\\\/\\\/signal-fc.ch\\\/wp-content\\\/uploads\\\/2019\\\/10\\\/fse.jpg\",\"contentUrl\":\"https:\\\/\\\/signal-fc.ch\\\/wp-content\\\/uploads\\\/2019\\\/10\\\/fse.jpg\",\"width\":677,\"height\":562},{\"@type\":\"BreadcrumbList\",\"@id\":\"https:\\\/\\\/signal-fc.ch\\\/actualites\\\/camps-de-football-socio-educatifs\\\/#breadcrumb\",\"itemListElement\":[{\"@type\":\"ListItem\",\"position\":1,\"name\":\"Accueil\",\"item\":\"https:\\\/\\\/signal-fc.ch\\\/\"},{\"@type\":\"ListItem\",\"position\":2,\"name\":\"CAMPS DE FOOTBALL &#8211; Socio-\u00e9ducatifs\"}]},{\"@type\":\"WebSite\",\"@id\":\"https:\\\/\\\/signal-fc.ch\\\/#website\",\"url\":\"https:\\\/\\\/signal-fc.ch\\\/\",\"name\":\"Signal FC Bernex-Confignon\",\"description\":\"\u00c9cole de Foot \u00e0 Bernex\",\"publisher\":{\"@id\":\"https:\\\/\\\/signal-fc.ch\\\/#organization\"},\"potentialAction\":[{\"@type\":\"SearchAction\",\"target\":{\"@type\":\"EntryPoint\",\"urlTemplate\":\"https:\\\/\\\/signal-fc.ch\\\/?s={search_term_string}\"},\"query-input\":{\"@type\":\"PropertyValueSpecification\",\"valueRequired\":true,\"valueName\":\"search_term_string\"}}],\"inLanguage\":\"fr-FR\"},{\"@type\":\"Organization\",\"@id\":\"https:\\\/\\\/signal-fc.ch\\\/#organization\",\"name\":\"Signal FC Bernex-Confignon\",\"url\":\"https:\\\/\\\/signal-fc.ch\\\/\",\"logo\":{\"@type\":\"ImageObject\",\"inLanguage\":\"fr-FR\",\"@id\":\"https:\\\/\\\/signal-fc.ch\\\/#\\\/schema\\\/logo\\\/image\\\/\",\"url\":\"https:\\\/\\\/signal-fc.ch\\\/wp-content\\\/uploads\\\/2018\\\/06\\\/cropped-signal-fc-logo_h.png\",\"contentUrl\":\"https:\\\/\\\/signal-fc.ch\\\/wp-content\\\/uploads\\\/2018\\\/06\\\/cropped-signal-fc-logo_h.png\",\"width\":512,\"height\":512,\"caption\":\"Signal FC Bernex-Confignon\"},\"image\":{\"@id\":\"https:\\\/\\\/signal-fc.ch\\\/#\\\/schema\\\/logo\\\/image\\\/\"},\"sameAs\":[\"https:\\\/\\\/www.facebook.com\\\/signalfc.ch\"]},{\"@type\":\"Person\",\"@id\":\"https:\\\/\\\/signal-fc.ch\\\/#\\\/schema\\\/person\\\/e79cba69a7c986c7613b14f454a7456f\",\"name\":\"Manu Lopez\",\"image\":{\"@type\":\"ImageObject\",\"inLanguage\":\"fr-FR\",\"@id\":\"https:\\\/\\\/secure.gravatar.com\\\/avatar\\\/d5f16101c11df02dad7afd8dcd4a5e43a95d88969758c7ea8c462ca6800ab3a1?s=96&d=mm&r=g\",\"url\":\"https:\\\/\\\/secure.gravatar.com\\\/avatar\\\/d5f16101c11df02dad7afd8dcd4a5e43a95d88969758c7ea8c462ca6800ab3a1?s=96&d=mm&r=g\",\"contentUrl\":\"https:\\\/\\\/secure.gravatar.com\\\/avatar\\\/d5f16101c11df02dad7afd8dcd4a5e43a95d88969758c7ea8c462ca6800ab3a1?s=96&d=mm&r=g\",\"caption\":\"Manu Lopez\"}}]}<\/script>\n<!-- \/ Yoast SEO plugin. -->","yoast_head_json":{"title":"CAMPS DE FOOTBALL - Socio-\u00e9ducatifs - Signal FC","robots":{"index":"index","follow":"follow","max-snippet":"max-snippet:-1","max-image-preview":"max-image-preview:large","max-video-preview":"max-video-preview:-1"},"canonical":"https:\/\/signal-fc.ch\/actualites\/camps-de-football-socio-educatifs\/","og_locale":"fr_FR","og_type":"article","og_title":"CAMPS DE FOOTBALL - Socio-\u00e9ducatifs - Signal FC","og_description":"CAMPS DE FOOTBALL Pour sa premi\u00e8re \u00e9dition dans la commune de Bernex-Confignon, l&rsquo;association le COEUR DANS LE BALLON ORGANISE LE CAMP de football socio-\u00e9ducatifs, en collaboration avec le SIGNAL FC. Ce camp est une opportunit\u00e9 \u00e0 tous les passionn\u00e9s du football, filles et gar\u00e7ons de 3 \u00e0 16 ans de partager et vivre leur passion&hellip;","og_url":"https:\/\/signal-fc.ch\/actualites\/camps-de-football-socio-educatifs\/","og_site_name":"Signal FC","article_publisher":"https:\/\/www.facebook.com\/signalfc.ch","article_published_time":"2019-10-02T08:45:34+00:00","article_modified_time":"2019-10-02T12:29:18+00:00","og_image":[{"width":677,"height":562,"url":"https:\/\/signal-fc.ch\/wp-content\/uploads\/2019\/10\/fse.jpg","type":"image\/jpeg"}],"author":"Manu Lopez","twitter_card":"summary_large_image","twitter_misc":{"\u00c9crit par":"Manu Lopez","Dur\u00e9e de lecture estim\u00e9e":"2 minutes"},"schema":{"@context":"https:\/\/schema.org","@graph":[{"@type":"Article","@id":"https:\/\/signal-fc.ch\/actualites\/camps-de-football-socio-educatifs\/#article","isPartOf":{"@id":"https:\/\/signal-fc.ch\/actualites\/camps-de-football-socio-educatifs\/"},"author":{"name":"Manu Lopez","@id":"https:\/\/signal-fc.ch\/#\/schema\/person\/e79cba69a7c986c7613b14f454a7456f"},"headline":"CAMPS DE FOOTBALL &#8211; Socio-\u00e9ducatifs","datePublished":"2019-10-02T08:45:34+00:00","dateModified":"2019-10-02T12:29:18+00:00","mainEntityOfPage":{"@id":"https:\/\/signal-fc.ch\/actualites\/camps-de-football-socio-educatifs\/"},"wordCount":380,"commentCount":0,"publisher":{"@id":"https:\/\/signal-fc.ch\/#organization"},"image":{"@id":"https:\/\/signal-fc.ch\/actualites\/camps-de-football-socio-educatifs\/#primaryimage"},"thumbnailUrl":"https:\/\/signal-fc.ch\/wp-content\/uploads\/2019\/10\/fse.jpg","articleSection":["Actualit\u00e9s"],"inLanguage":"fr-FR","potentialAction":[{"@type":"CommentAction","name":"Comment","target":["https:\/\/signal-fc.ch\/actualites\/camps-de-football-socio-educatifs\/#respond"]}]},{"@type":"WebPage","@id":"https:\/\/signal-fc.ch\/actualites\/camps-de-football-socio-educatifs\/","url":"https:\/\/signal-fc.ch\/actualites\/camps-de-football-socio-educatifs\/","name":"CAMPS DE FOOTBALL - Socio-\u00e9ducatifs - Signal FC","isPartOf":{"@id":"https:\/\/signal-fc.ch\/#website"},"primaryImageOfPage":{"@id":"https:\/\/signal-fc.ch\/actualites\/camps-de-football-socio-educatifs\/#primaryimage"},"image":{"@id":"https:\/\/signal-fc.ch\/actualites\/camps-de-football-socio-educatifs\/#primaryimage"},"thumbnailUrl":"https:\/\/signal-fc.ch\/wp-content\/uploads\/2019\/10\/fse.jpg","datePublished":"2019-10-02T08:45:34+00:00","dateModified":"2019-10-02T12:29:18+00:00","breadcrumb":{"@id":"https:\/\/signal-fc.ch\/actualites\/camps-de-football-socio-educatifs\/#breadcrumb"},"inLanguage":"fr-FR","potentialAction":[{"@type":"ReadAction","target":["https:\/\/signal-fc.ch\/actualites\/camps-de-football-socio-educatifs\/"]}]},{"@type":"ImageObject","inLanguage":"fr-FR","@id":"https:\/\/signal-fc.ch\/actualites\/camps-de-football-socio-educatifs\/#primaryimage","url":"https:\/\/signal-fc.ch\/wp-content\/uploads\/2019\/10\/fse.jpg","contentUrl":"https:\/\/signal-fc.ch\/wp-content\/uploads\/2019\/10\/fse.jpg","width":677,"height":562},{"@type":"BreadcrumbList","@id":"https:\/\/signal-fc.ch\/actualites\/camps-de-football-socio-educatifs\/#breadcrumb","itemListElement":[{"@type":"ListItem","position":1,"name":"Accueil","item":"https:\/\/signal-fc.ch\/"},{"@type":"ListItem","position":2,"name":"CAMPS DE FOOTBALL &#8211; Socio-\u00e9ducatifs"}]},{"@type":"WebSite","@id":"https:\/\/signal-fc.ch\/#website","url":"https:\/\/signal-fc.ch\/","name":"Signal FC Bernex-Confignon","description":"\u00c9cole de Foot \u00e0 Bernex","publisher":{"@id":"https:\/\/signal-fc.ch\/#organization"},"potentialAction":[{"@type":"SearchAction","target":{"@type":"EntryPoint","urlTemplate":"https:\/\/signal-fc.ch\/?s={search_term_string}"},"query-input":{"@type":"PropertyValueSpecification","valueRequired":true,"valueName":"search_term_string"}}],"inLanguage":"fr-FR"},{"@type":"Organization","@id":"https:\/\/signal-fc.ch\/#organization","name":"Signal FC Bernex-Confignon","url":"https:\/\/signal-fc.ch\/","logo":{"@type":"ImageObject","inLanguage":"fr-FR","@id":"https:\/\/signal-fc.ch\/#\/schema\/logo\/image\/","url":"https:\/\/signal-fc.ch\/wp-content\/uploads\/2018\/06\/cropped-signal-fc-logo_h.png","contentUrl":"https:\/\/signal-fc.ch\/wp-content\/uploads\/2018\/06\/cropped-signal-fc-logo_h.png","width":512,"height":512,"caption":"Signal FC Bernex-Confignon"},"image":{"@id":"https:\/\/signal-fc.ch\/#\/schema\/logo\/image\/"},"sameAs":["https:\/\/www.facebook.com\/signalfc.ch"]},{"@type":"Person","@id":"https:\/\/signal-fc.ch\/#\/schema\/person\/e79cba69a7c986c7613b14f454a7456f","name":"Manu Lopez","image":{"@type":"ImageObject","inLanguage":"fr-FR","@id":"https:\/\/secure.gravatar.com\/avatar\/d5f16101c11df02dad7afd8dcd4a5e43a95d88969758c7ea8c462ca6800ab3a1?s=96&d=mm&r=g","url":"https:\/\/secure.gravatar.com\/avatar\/d5f16101c11df02dad7afd8dcd4a5e43a95d88969758c7ea8c462ca6800ab3a1?s=96&d=mm&r=g","contentUrl":"https:\/\/secure.gravatar.com\/avatar\/d5f16101c11df02dad7afd8dcd4a5e43a95d88969758c7ea8c462ca6800ab3a1?s=96&d=mm&r=g","caption":"Manu Lopez"}}]}},"publishpress_future_action":{"enabled":false,"date":"2026-05-09 07:13:32","action":"change-status","newStatus":"draft","terms":[],"taxonomy":"category","extraData":[]},"publishpress_future_workflow_manual_trigger":{"enabledWorkflows":[]},"_links":{"self":[{"href":"https:\/\/signal-fc.ch\/json\/wp\/v2\/posts\/13864","targetHints":{"allow":["GET"]}}],"collection":[{"href":"https:\/\/signal-fc.ch\/json\/wp\/v2\/posts"}],"about":[{"href":"https:\/\/signal-fc.ch\/json\/wp\/v2\/types\/post"}],"author":[{"embeddable":true,"href":"https:\/\/signal-fc.ch\/json\/wp\/v2\/users\/2"}],"replies":[{"embeddable":true,"href":"https:\/\/signal-fc.ch\/json\/wp\/v2\/comments?post=13864"}],"version-history":[{"count":0,"href":"https:\/\/signal-fc.ch\/json\/wp\/v2\/posts\/13864\/revisions"}],"wp:featuredmedia":[{"embeddable":true,"href":"https:\/\/signal-fc.ch\/json\/wp\/v2\/media\/13866"}],"wp:attachment":[{"href":"https:\/\/signal-fc.ch\/json\/wp\/v2\/media?parent=13864"}],"wp:term":[{"taxonomy":"category","embeddable":true,"href":"https:\/\/signal-fc.ch\/json\/wp\/v2\/categories?post=13864"},{"taxonomy":"post_tag","embeddable":true,"href":"https:\/\/signal-fc.ch\/json\/wp\/v2\/tags?post=13864"}],"curies":[{"name":"wp","href":"https:\/\/api.w.org\/{rel}","templated":true}]}}